{"id":74121,"date":"2020-05-21T10:49:43","date_gmt":"2020-05-21T13:49:43","guid":{"rendered":"https:\/\/eldiariodesanpedro.com.ar\/sitio\/?p=74121"},"modified":"2020-05-21T10:49:47","modified_gmt":"2020-05-21T13:49:47","slug":"baradero-coronavirus-salidas-con-terminacion-de-dni-a-partir-de-hoy","status":"publish","type":"post","link":"https:\/\/eldiariodesanpedro.com.ar\/sitio\/baradero-coronavirus-salidas-con-terminacion-de-dni-a-partir-de-hoy\/","title":{"rendered":"BARADERO | Coronavirus: Salidas con terminaci\u00f3n de DNI a partir de hoy"},"content":{"rendered":"<!-- VideographyWP Plugin Message: Automatic video embedding prevented by plugin options. -->\n\n<p>A partir de este jueves se retoma la actividad comercial y de servicios. Se ampliaron los horarios para evitar la aglomeraci\u00f3n de personas y las demoras en las filas.<\/p>\n\n\n\n<p>Es importante saber que se suma una nueva medida. Las salidas a hacer las compras, a realizar tr\u00e1mites, es decir, las salidas en general de la ciudadan\u00eda, ser\u00e1n seg\u00fan la terminaci\u00f3n del DNI.<\/p>\n\n\n\n<p>Aquellos vecinos con terminaci\u00f3n del DNI en n\u00famero par podr\u00e1n realizar sus compras y tr\u00e1mites los lunes, mi\u00e9rcoles y viernes. Y quienes tengan DNI finalizado en n\u00famero impar podr\u00e1n hacerlo los d\u00edas martes, jueves y s\u00e1bados.<\/p>\n\n\n\n<p>La propuesta incluye una rotaci\u00f3n semanal. Es decir, la semana pr\u00f3xima ser\u00e1 al rev\u00e9s (terminaci\u00f3n de DNI par martes, jueves y s\u00e1bados \u2013 impar lunes, mi\u00e9rcoles y viernes). Obviamente, aquellas personas que desarrollen tareas esenciales est\u00e1n exceptuadas para poder concurrir a sus lugares de trabajo.<\/p>\n\n\n\n<p>Se trata de un ordenamiento para comercios, lugares de cobro y dem\u00e1s actividades que sin la responsabilidad de todos podr\u00edan ser lugares de transmisi\u00f3n del virus.<\/p>\n\n\n\n<p>Frenar el virus, tiene que ser una responsabilidad del Estado, de los comerciantes y de toda la ciudadan\u00eda.<\/p>\n\n\n\n<p>Fuente: <a href=\"https:\/\/www.baraderoteinforma.com.ar\/coronavirus-salidas-con-terminacion-de-dni-a-partir-de-manana\/\">Baradero Te Informa<\/a><\/p>\n","protected":false},"excerpt":{"rendered":"<p>A partir de este jueves se retoma la actividad comercial y de servicios. Se ampliaron los horarios para evitar la aglomeraci\u00f3n de personas y las demoras en las filas. Es importante saber que se suma una nueva medida. Las salidas a hacer las compras, a realizar tr\u00e1mites, es decir, las salidas en general de la [&hellip;]<\/p>\n","protected":false},"author":4,"featured_media":74122,"comment_status":"open","ping_status":"closed","sticky":false,"template":"","format":"standard","meta":{"om_disable_all_campaigns":false,"_jetpack_memberships_contains_paid_content":false,"footnotes":""},"categories":[621],"tags":[197,1263,681],"class_list":["post-74121","post","type-post","status-publish","format-standard","has-post-thumbnail","hentry","category-regionales","tag-buenos-aires","tag-dni","tag-regionales"],"aioseo_notices":[],"gutentor_comment":0,"jetpack_featured_media_url":"https:\/\/eldiariodesanpedro.com.ar\/sitio\/wp-content\/uploads\/2020\/05\/sani-1.png","jetpack_shortlink":"https:\/\/wp.me\/p6RhLt-jhv","jetpack_sharing_enabled":true,"_links":{"self":[{"href":"https:\/\/eldiariodesanpedro.com.ar\/sitio\/wp-json\/wp\/v2\/posts\/74121","targetHints":{"allow":["GET"]}}],"collection":[{"href":"https:\/\/eldiariodesanpedro.com.ar\/sitio\/wp-json\/wp\/v2\/posts"}],"about":[{"href":"https:\/\/eldiariodesanpedro.com.ar\/sitio\/wp-json\/wp\/v2\/types\/post"}],"author":[{"embeddable":true,"href":"https:\/\/eldiariodesanpedro.com.ar\/sitio\/wp-json\/wp\/v2\/users\/4"}],"replies":[{"embeddable":true,"href":"https:\/\/eldiariodesanpedro.com.ar\/sitio\/wp-json\/wp\/v2\/comments?post=74121"}],"version-history":[{"count":1,"href":"https:\/\/eldiariodesanpedro.com.ar\/sitio\/wp-json\/wp\/v2\/posts\/74121\/revisions"}],"predecessor-version":[{"id":74123,"href":"https:\/\/eldiariodesanpedro.com.ar\/sitio\/wp-json\/wp\/v2\/posts\/74121\/revisions\/74123"}],"wp:featuredmedia":[{"embeddable":true,"href":"https:\/\/eldiariodesanpedro.com.ar\/sitio\/wp-json\/wp\/v2\/media\/74122"}],"wp:attachment":[{"href":"https:\/\/eldiariodesanpedro.com.ar\/sitio\/wp-json\/wp\/v2\/media?parent=74121"}],"wp:term":[{"taxonomy":"category","embeddable":true,"href":"https:\/\/eldiariodesanpedro.com.ar\/sitio\/wp-json\/wp\/v2\/categories?post=74121"},{"taxonomy":"post_tag","embeddable":true,"href":"https:\/\/eldiariodesanpedro.com.ar\/sitio\/wp-json\/wp\/v2\/tags?post=74121"}],"curies":[{"name":"wp","href":"https:\/\/api.w.org\/{rel}","templated":true}]}}