{"id":74118,"date":"2020-05-21T10:46:46","date_gmt":"2020-05-21T13:46:46","guid":{"rendered":"https:\/\/eldiariodesanpedro.com.ar\/sitio\/?p=74118"},"modified":"2020-05-21T10:46:50","modified_gmt":"2020-05-21T13:46:50","slug":"baradero-alsina-imputaron-a-un-efectivo-policial-por-violar-la-cuarentena","status":"publish","type":"post","link":"https:\/\/eldiariodesanpedro.com.ar\/sitio\/baradero-alsina-imputaron-a-un-efectivo-policial-por-violar-la-cuarentena\/","title":{"rendered":"BARADERO | Alsina: Imputaron a un efectivo policial por violar la cuarentena"},"content":{"rendered":"<!-- VideographyWP Plugin Message: Automatic video embedding prevented by plugin options. -->\n\n<p>El uniformado se desempe\u00f1a en otra localidad y reside en Alsina. Vecinos denunciaron que hab\u00eda una reuni\u00f3n en su vivienda ubicada en el Barrio Fonavi.<\/p>\n\n\n\n<p>Se traslad\u00f3 el personal policial y fue notificado de la formaci\u00f3n de la causa federal por violar el asilamiento social y preventivo.<\/p>\n\n\n\n<p>La noticia fue confirmada a Tu Radio por el Comisario Juan Cruz Acevedo.<\/p>\n\n\n\n<p>Trascendidos indicaron a este medio que \u201cse sospechar\u00eda en el lugar se festejaba un cumplea\u00f1os\u201d. Esto no fue a\u00fan confirmado por la polic\u00eda.<\/p>\n\n\n\n<p>Fuente: <a href=\"https:\/\/tulineadirecta.com\/imputaron-a-un-efectivo-policial-por-violar-la-cuarentena\/\">Tu Linea Directa<\/a><\/p>\n","protected":false},"excerpt":{"rendered":"<p>El uniformado se desempe\u00f1a en otra localidad y reside en Alsina. Vecinos denunciaron que hab\u00eda una reuni\u00f3n en su vivienda ubicada en el Barrio Fonavi. Se traslad\u00f3 el personal policial y fue notificado de la formaci\u00f3n de la causa federal por violar el asilamiento social y preventivo. La noticia fue confirmada a Tu Radio por [&hellip;]<\/p>\n","protected":false},"author":4,"featured_media":74119,"comment_status":"open","ping_status":"closed","sticky":false,"template":"","format":"standard","meta":{"om_disable_all_campaigns":false,"_jetpack_memberships_contains_paid_content":false,"footnotes":""},"categories":[621],"tags":[1262,139,842],"class_list":["post-74118","post","type-post","status-publish","format-standard","has-post-thumbnail","hentry","category-regionales","tag-alsina","tag-baradero","tag-cuarentena"],"aioseo_notices":[],"gutentor_comment":0,"jetpack_featured_media_url":"https:\/\/eldiariodesanpedro.com.ar\/sitio\/wp-content\/uploads\/2020\/05\/2l01.jpg","jetpack_shortlink":"https:\/\/wp.me\/p6RhLt-jhs","jetpack_sharing_enabled":true,"_links":{"self":[{"href":"https:\/\/eldiariodesanpedro.com.ar\/sitio\/wp-json\/wp\/v2\/posts\/74118","targetHints":{"allow":["GET"]}}],"collection":[{"href":"https:\/\/eldiariodesanpedro.com.ar\/sitio\/wp-json\/wp\/v2\/posts"}],"about":[{"href":"https:\/\/eldiariodesanpedro.com.ar\/sitio\/wp-json\/wp\/v2\/types\/post"}],"author":[{"embeddable":true,"href":"https:\/\/eldiariodesanpedro.com.ar\/sitio\/wp-json\/wp\/v2\/users\/4"}],"replies":[{"embeddable":true,"href":"https:\/\/eldiariodesanpedro.com.ar\/sitio\/wp-json\/wp\/v2\/comments?post=74118"}],"version-history":[{"count":1,"href":"https:\/\/eldiariodesanpedro.com.ar\/sitio\/wp-json\/wp\/v2\/posts\/74118\/revisions"}],"predecessor-version":[{"id":74120,"href":"https:\/\/eldiariodesanpedro.com.ar\/sitio\/wp-json\/wp\/v2\/posts\/74118\/revisions\/74120"}],"wp:featuredmedia":[{"embeddable":true,"href":"https:\/\/eldiariodesanpedro.com.ar\/sitio\/wp-json\/wp\/v2\/media\/74119"}],"wp:attachment":[{"href":"https:\/\/eldiariodesanpedro.com.ar\/sitio\/wp-json\/wp\/v2\/media?parent=74118"}],"wp:term":[{"taxonomy":"category","embeddable":true,"href":"https:\/\/eldiariodesanpedro.com.ar\/sitio\/wp-json\/wp\/v2\/categories?post=74118"},{"taxonomy":"post_tag","embeddable":true,"href":"https:\/\/eldiariodesanpedro.com.ar\/sitio\/wp-json\/wp\/v2\/tags?post=74118"}],"curies":[{"name":"wp","href":"https:\/\/api.w.org\/{rel}","templated":true}]}}