{"id":74089,"date":"2020-05-20T11:35:13","date_gmt":"2020-05-20T14:35:13","guid":{"rendered":"https:\/\/eldiariodesanpedro.com.ar\/sitio\/?p=74089"},"modified":"2020-05-20T11:35:17","modified_gmt":"2020-05-20T14:35:17","slug":"dieron-negativo-los-test-a-tres-profesionales-de-san-nicolas-que-tuvieron-contacto-con-el-medico-sampedrino","status":"publish","type":"post","link":"https:\/\/eldiariodesanpedro.com.ar\/sitio\/dieron-negativo-los-test-a-tres-profesionales-de-san-nicolas-que-tuvieron-contacto-con-el-medico-sampedrino\/","title":{"rendered":"Dieron negativo los test a tres profesionales de San Nicol\u00e1s que tuvieron contacto con el m\u00e9dico sampedrino"},"content":{"rendered":"<!-- VideographyWP Plugin Message: Automatic video embedding prevented by plugin options. -->\n\n<p>En la tarde de este martes llegaron los resultados de los test realizados a las personas que estuvieron en contacto con el m\u00e9dico que realiza guardias en el Centro de Salud de La Emilia y que dio coronavirus positivo.<\/p>\n\n\n\n<p>Se trata del m\u00e9dico que lo atendi\u00f3 y de dos enfermeros. Los tres hisopados dieron negativo a Covid-19. Estos tres tests se suman a los tres negativos anteriores, realizados a los choferes de ambulancia y a una enfermera, que hab\u00edan compartido la guardia con el m\u00e9dico de San Pedro.<\/p>\n\n\n\n<p>De esta manera, no se registra personal sanitario infectado tras estar en contacto con el m\u00e9dico que contrajo coronavirus.<\/p>\n","protected":false},"excerpt":{"rendered":"<p>En la tarde de este martes llegaron los resultados de los test realizados a las personas que estuvieron en contacto con el m\u00e9dico que realiza guardias en el Centro de Salud de La Emilia y que dio coronavirus positivo. Se trata del m\u00e9dico que lo atendi\u00f3 y de dos enfermeros. Los tres hisopados dieron negativo [&hellip;]<\/p>\n","protected":false},"author":4,"featured_media":74090,"comment_status":"open","ping_status":"closed","sticky":false,"template":"","format":"standard","meta":{"om_disable_all_campaigns":false,"_jetpack_memberships_contains_paid_content":false,"footnotes":""},"categories":[50,101,2],"tags":[952,808,696,33],"class_list":["post-74089","post","type-post","status-publish","format-standard","has-post-thumbnail","hentry","category-destacadas","category-interes-general-locales","category-locales","tag-controles","tag-coronavirus","tag-interes-general","tag-locales"],"aioseo_notices":[],"gutentor_comment":0,"jetpack_featured_media_url":"https:\/\/eldiariodesanpedro.com.ar\/sitio\/wp-content\/uploads\/2020\/05\/0-2.jpg","jetpack_shortlink":"https:\/\/wp.me\/p6RhLt-jgZ","jetpack_sharing_enabled":true,"_links":{"self":[{"href":"https:\/\/eldiariodesanpedro.com.ar\/sitio\/wp-json\/wp\/v2\/posts\/74089","targetHints":{"allow":["GET"]}}],"collection":[{"href":"https:\/\/eldiariodesanpedro.com.ar\/sitio\/wp-json\/wp\/v2\/posts"}],"about":[{"href":"https:\/\/eldiariodesanpedro.com.ar\/sitio\/wp-json\/wp\/v2\/types\/post"}],"author":[{"embeddable":true,"href":"https:\/\/eldiariodesanpedro.com.ar\/sitio\/wp-json\/wp\/v2\/users\/4"}],"replies":[{"embeddable":true,"href":"https:\/\/eldiariodesanpedro.com.ar\/sitio\/wp-json\/wp\/v2\/comments?post=74089"}],"version-history":[{"count":1,"href":"https:\/\/eldiariodesanpedro.com.ar\/sitio\/wp-json\/wp\/v2\/posts\/74089\/revisions"}],"predecessor-version":[{"id":74091,"href":"https:\/\/eldiariodesanpedro.com.ar\/sitio\/wp-json\/wp\/v2\/posts\/74089\/revisions\/74091"}],"wp:featuredmedia":[{"embeddable":true,"href":"https:\/\/eldiariodesanpedro.com.ar\/sitio\/wp-json\/wp\/v2\/media\/74090"}],"wp:attachment":[{"href":"https:\/\/eldiariodesanpedro.com.ar\/sitio\/wp-json\/wp\/v2\/media?parent=74089"}],"wp:term":[{"taxonomy":"category","embeddable":true,"href":"https:\/\/eldiariodesanpedro.com.ar\/sitio\/wp-json\/wp\/v2\/categories?post=74089"},{"taxonomy":"post_tag","embeddable":true,"href":"https:\/\/eldiariodesanpedro.com.ar\/sitio\/wp-json\/wp\/v2\/tags?post=74089"}],"curies":[{"name":"wp","href":"https:\/\/api.w.org\/{rel}","templated":true}]}}