{"id":7408,"date":"2016-08-23T10:25:46","date_gmt":"2016-08-23T13:25:46","guid":{"rendered":"https:\/\/eldiariodesanpedro.com.ar\/sitio\/?p=7408"},"modified":"2026-01-24T00:32:46","modified_gmt":"2026-01-24T03:32:46","slug":"parana-estuvo-presente-a-concepcion-del-uruguay","status":"publish","type":"post","link":"https:\/\/eldiariodesanpedro.com.ar\/sitio\/parana-estuvo-presente-a-concepcion-del-uruguay\/","title":{"rendered":"Paran\u00e1 estuvo presente a Concepci\u00f3n del Uruguay"},"content":{"rendered":"<p><!-- VideographyWP Plugin Message: Automatic video embedding prevented by plugin options. --><br \/>\nEn Concepci\u00f3n del Uruguay compiti\u00f3 Paran\u00e1 en la copa \u201cRoberto Rodr\u00edguez\u201d organizado por la CAP.<br \/>\nUna experiencia \u00fanica y excelente para las chicas de Pat\u00edn Paran\u00e1 FC, adem\u00e1s de una buena actuaci\u00f3n. Junto a la entrenadora Carina Ruiz, participaron Antonela Monfasani, quien culmin\u00f3 7\u00b0 entre 28 atletas. Sofia Baca  18\u00b0 entre 48 participantes, ambas en categor\u00eda Escuela. Valentina R\u00edos 13\u00b0 entre 53, serie B.  <\/p>\n","protected":false},"excerpt":{"rendered":"<p>En Concepci\u00f3n del Uruguay compiti\u00f3 Paran\u00e1 en la copa \u201cRoberto Rodr\u00edguez\u201d organizado por la CAP. Una experiencia \u00fanica y excelente para las chicas de Pat\u00edn Paran\u00e1 FC, adem\u00e1s de una buena actuaci\u00f3n. Junto a la entrenadora Carina Ruiz, participaron Antonela Monfasani, quien culmin\u00f3 7\u00b0 entre 28 atletas. Sofia Baca 18\u00b0 entre 48 participantes, ambas en [&hellip;]<\/p>\n","protected":false},"author":4,"featured_media":7409,"comment_status":"open","ping_status":"closed","sticky":false,"template":"","format":"standard","meta":{"om_disable_all_campaigns":false,"_jetpack_memberships_contains_paid_content":false,"footnotes":""},"categories":[5],"tags":[],"class_list":["post-7408","post","type-post","status-publish","format-standard","has-post-thumbnail","hentry","category-deportes"],"aioseo_notices":[],"gutentor_comment":0,"jetpack_featured_media_url":"https:\/\/eldiariodesanpedro.com.ar\/sitio\/wp-content\/uploads\/2016\/08\/deporte-1-1.jpg","jetpack_shortlink":"https:\/\/wp.me\/p6RhLt-1Vu","jetpack_sharing_enabled":true,"_links":{"self":[{"href":"https:\/\/eldiariodesanpedro.com.ar\/sitio\/wp-json\/wp\/v2\/posts\/7408","targetHints":{"allow":["GET"]}}],"collection":[{"href":"https:\/\/eldiariodesanpedro.com.ar\/sitio\/wp-json\/wp\/v2\/posts"}],"about":[{"href":"https:\/\/eldiariodesanpedro.com.ar\/sitio\/wp-json\/wp\/v2\/types\/post"}],"author":[{"embeddable":true,"href":"https:\/\/eldiariodesanpedro.com.ar\/sitio\/wp-json\/wp\/v2\/users\/4"}],"replies":[{"embeddable":true,"href":"https:\/\/eldiariodesanpedro.com.ar\/sitio\/wp-json\/wp\/v2\/comments?post=7408"}],"version-history":[{"count":1,"href":"https:\/\/eldiariodesanpedro.com.ar\/sitio\/wp-json\/wp\/v2\/posts\/7408\/revisions"}],"predecessor-version":[{"id":7410,"href":"https:\/\/eldiariodesanpedro.com.ar\/sitio\/wp-json\/wp\/v2\/posts\/7408\/revisions\/7410"}],"wp:featuredmedia":[{"embeddable":true,"href":"https:\/\/eldiariodesanpedro.com.ar\/sitio\/wp-json\/wp\/v2\/media\/7409"}],"wp:attachment":[{"href":"https:\/\/eldiariodesanpedro.com.ar\/sitio\/wp-json\/wp\/v2\/media?parent=7408"}],"wp:term":[{"taxonomy":"category","embeddable":true,"href":"https:\/\/eldiariodesanpedro.com.ar\/sitio\/wp-json\/wp\/v2\/categories?post=7408"},{"taxonomy":"post_tag","embeddable":true,"href":"https:\/\/eldiariodesanpedro.com.ar\/sitio\/wp-json\/wp\/v2\/tags?post=7408"}],"curies":[{"name":"wp","href":"https:\/\/api.w.org\/{rel}","templated":true}]}}