{"id":74040,"date":"2020-05-20T09:21:35","date_gmt":"2020-05-20T12:21:35","guid":{"rendered":"https:\/\/eldiariodesanpedro.com.ar\/sitio\/?p=74040"},"modified":"2020-05-20T09:21:39","modified_gmt":"2020-05-20T12:21:39","slug":"la-anses-prorrogo-el-vencimiento-de-autorizaciones-de-cobro-de-beneficios","status":"publish","type":"post","link":"https:\/\/eldiariodesanpedro.com.ar\/sitio\/la-anses-prorrogo-el-vencimiento-de-autorizaciones-de-cobro-de-beneficios\/","title":{"rendered":"La ANSES prorrog\u00f3 el vencimiento de autorizaciones de cobro de beneficios"},"content":{"rendered":"<!-- VideographyWP Plugin Message: Automatic video embedding prevented by plugin options. -->\n\n<p>Se trata de aquellas dispuestas por sentencia o resoluci\u00f3n judicial conferidas a tutores, curadores, apoyos de asistencia o representaci\u00f3n para percibir jubilaciones, pensiones, beneficios previsionales de ni\u00f1os, ni\u00f1as, adolescentes y personas con padecimientos de salud mental.<\/p>\n\n\n\n<p>La ANSES decidi\u00f3 prorrogar de forma autom\u00e1tica y mientras dure el Aislamiento Social Preventivo y Obligatorio, a trav\u00e9s de Resoluci\u00f3n 130\/2020 publicada hoy en el Bolet\u00edn Oficial, las autorizaciones conferidas a tutores, curadores, apoyos de asistencia o representaci\u00f3n para percibir jubilaciones, pensiones, beneficios previsionales de ni\u00f1os, ni\u00f1as, adolescentes y personas con padecimientos de salud mental, salvo que exista una resoluci\u00f3n judicial particular contraria.&nbsp;<\/p>\n\n\n\n<p>La medida se aplica a todas las autorizaciones dispuestas por sentencia o resoluci\u00f3n judicial sujeta a plazo, cuando su vencimiento se haya producido a partir del mes de enero de 2020 y mientras se mantengan estas circunstancias, salvo que el juez, por sentencia o resoluci\u00f3n judicial designe otro representante.<\/p>\n","protected":false},"excerpt":{"rendered":"<p>Se trata de aquellas dispuestas por sentencia o resoluci\u00f3n judicial conferidas a tutores, curadores, apoyos de asistencia o representaci\u00f3n para percibir jubilaciones, pensiones, beneficios previsionales de ni\u00f1os, ni\u00f1as, adolescentes y personas con padecimientos de salud mental. La ANSES decidi\u00f3 prorrogar de forma autom\u00e1tica y mientras dure el Aislamiento Social Preventivo y Obligatorio, a trav\u00e9s de [&hellip;]<\/p>\n","protected":false},"author":4,"featured_media":70785,"comment_status":"open","ping_status":"closed","sticky":false,"template":"","format":"standard","meta":{"om_disable_all_campaigns":false,"_jetpack_memberships_contains_paid_content":false,"footnotes":""},"categories":[101,2],"tags":[696,33,1237,19],"class_list":["post-74040","post","type-post","status-publish","format-standard","has-post-thumbnail","hentry","category-interes-general-locales","category-locales","tag-interes-general","tag-locales","tag-prorroga","tag-san-pedro"],"aioseo_notices":[],"gutentor_comment":0,"jetpack_featured_media_url":"https:\/\/eldiariodesanpedro.com.ar\/sitio\/wp-content\/uploads\/2020\/03\/anses-nuevo-640x480-1.png","jetpack_shortlink":"https:\/\/wp.me\/p6RhLt-jgc","jetpack_sharing_enabled":true,"_links":{"self":[{"href":"https:\/\/eldiariodesanpedro.com.ar\/sitio\/wp-json\/wp\/v2\/posts\/74040","targetHints":{"allow":["GET"]}}],"collection":[{"href":"https:\/\/eldiariodesanpedro.com.ar\/sitio\/wp-json\/wp\/v2\/posts"}],"about":[{"href":"https:\/\/eldiariodesanpedro.com.ar\/sitio\/wp-json\/wp\/v2\/types\/post"}],"author":[{"embeddable":true,"href":"https:\/\/eldiariodesanpedro.com.ar\/sitio\/wp-json\/wp\/v2\/users\/4"}],"replies":[{"embeddable":true,"href":"https:\/\/eldiariodesanpedro.com.ar\/sitio\/wp-json\/wp\/v2\/comments?post=74040"}],"version-history":[{"count":1,"href":"https:\/\/eldiariodesanpedro.com.ar\/sitio\/wp-json\/wp\/v2\/posts\/74040\/revisions"}],"predecessor-version":[{"id":74041,"href":"https:\/\/eldiariodesanpedro.com.ar\/sitio\/wp-json\/wp\/v2\/posts\/74040\/revisions\/74041"}],"wp:featuredmedia":[{"embeddable":true,"href":"https:\/\/eldiariodesanpedro.com.ar\/sitio\/wp-json\/wp\/v2\/media\/70785"}],"wp:attachment":[{"href":"https:\/\/eldiariodesanpedro.com.ar\/sitio\/wp-json\/wp\/v2\/media?parent=74040"}],"wp:term":[{"taxonomy":"category","embeddable":true,"href":"https:\/\/eldiariodesanpedro.com.ar\/sitio\/wp-json\/wp\/v2\/categories?post=74040"},{"taxonomy":"post_tag","embeddable":true,"href":"https:\/\/eldiariodesanpedro.com.ar\/sitio\/wp-json\/wp\/v2\/tags?post=74040"}],"curies":[{"name":"wp","href":"https:\/\/api.w.org\/{rel}","templated":true}]}}