{"id":74035,"date":"2020-05-19T19:32:18","date_gmt":"2020-05-19T22:32:18","guid":{"rendered":"https:\/\/eldiariodesanpedro.com.ar\/sitio\/?p=74035"},"modified":"2020-05-19T19:32:22","modified_gmt":"2020-05-19T22:32:22","slug":"vacunacion-antigripal-para-embarazadas","status":"publish","type":"post","link":"https:\/\/eldiariodesanpedro.com.ar\/sitio\/vacunacion-antigripal-para-embarazadas\/","title":{"rendered":"Vacunaci\u00f3n antigripal para embarazadas"},"content":{"rendered":"<!-- VideographyWP Plugin Message: Automatic video embedding prevented by plugin options. -->\n\n<p>La Secretar\u00eda de Salud de la Municipalidad de San Pedro informa que en el marco de la Campa\u00f1a de Vacunaci\u00f3n Antigripal 2020 que se viene llevando adelante desde hace algunas semanas en nuestra ciudad, personal del \u00e1rea estar\u00e1 aplicando vacunas antigripales a embarazas este mi\u00e9rcoles 20 desde las 9 hs en el Centro de Salud de Los Aromos, y el jueves 21 desde\u00a0las 10 hs en el Centro de Salud de Mateo Sbert.<\/p>\n\n\n\n<p>Para concurrir es muy importante tomar todas las medidas de prevenci\u00f3n obligatorias ante el COVID-19. Utilizar tapabocas, mantener el distanciamiento y respetar las estrictas medidas de higiene y seguridad para seguir cuid\u00e1ndonos entre todos de esta pandemia.<\/p>\n","protected":false},"excerpt":{"rendered":"<p>La Secretar\u00eda de Salud de la Municipalidad de San Pedro informa que en el marco de la Campa\u00f1a de Vacunaci\u00f3n Antigripal 2020 que se viene llevando adelante desde hace algunas semanas en nuestra ciudad, personal del \u00e1rea estar\u00e1 aplicando vacunas antigripales a embarazas este mi\u00e9rcoles 20 desde las 9 hs en el Centro de Salud [&hellip;]<\/p>\n","protected":false},"author":4,"featured_media":74036,"comment_status":"open","ping_status":"closed","sticky":false,"template":"","format":"standard","meta":{"om_disable_all_campaigns":false,"_jetpack_memberships_contains_paid_content":false,"footnotes":""},"categories":[101,2],"tags":[197,1236,33],"class_list":["post-74035","post","type-post","status-publish","format-standard","has-post-thumbnail","hentry","category-interes-general-locales","category-locales","tag-buenos-aires","tag-embarazadas","tag-locales"],"aioseo_notices":[],"gutentor_comment":0,"jetpack_featured_media_url":"https:\/\/eldiariodesanpedro.com.ar\/sitio\/wp-content\/uploads\/2020\/05\/vacunacion-antigripal-2020-2.jpeg","jetpack_shortlink":"https:\/\/wp.me\/p6RhLt-jg7","jetpack_sharing_enabled":true,"_links":{"self":[{"href":"https:\/\/eldiariodesanpedro.com.ar\/sitio\/wp-json\/wp\/v2\/posts\/74035","targetHints":{"allow":["GET"]}}],"collection":[{"href":"https:\/\/eldiariodesanpedro.com.ar\/sitio\/wp-json\/wp\/v2\/posts"}],"about":[{"href":"https:\/\/eldiariodesanpedro.com.ar\/sitio\/wp-json\/wp\/v2\/types\/post"}],"author":[{"embeddable":true,"href":"https:\/\/eldiariodesanpedro.com.ar\/sitio\/wp-json\/wp\/v2\/users\/4"}],"replies":[{"embeddable":true,"href":"https:\/\/eldiariodesanpedro.com.ar\/sitio\/wp-json\/wp\/v2\/comments?post=74035"}],"version-history":[{"count":1,"href":"https:\/\/eldiariodesanpedro.com.ar\/sitio\/wp-json\/wp\/v2\/posts\/74035\/revisions"}],"predecessor-version":[{"id":74037,"href":"https:\/\/eldiariodesanpedro.com.ar\/sitio\/wp-json\/wp\/v2\/posts\/74035\/revisions\/74037"}],"wp:featuredmedia":[{"embeddable":true,"href":"https:\/\/eldiariodesanpedro.com.ar\/sitio\/wp-json\/wp\/v2\/media\/74036"}],"wp:attachment":[{"href":"https:\/\/eldiariodesanpedro.com.ar\/sitio\/wp-json\/wp\/v2\/media?parent=74035"}],"wp:term":[{"taxonomy":"category","embeddable":true,"href":"https:\/\/eldiariodesanpedro.com.ar\/sitio\/wp-json\/wp\/v2\/categories?post=74035"},{"taxonomy":"post_tag","embeddable":true,"href":"https:\/\/eldiariodesanpedro.com.ar\/sitio\/wp-json\/wp\/v2\/tags?post=74035"}],"curies":[{"name":"wp","href":"https:\/\/api.w.org\/{rel}","templated":true}]}}