{"id":73997,"date":"2020-05-19T12:27:25","date_gmt":"2020-05-19T15:27:25","guid":{"rendered":"https:\/\/eldiariodesanpedro.com.ar\/sitio\/?p=73997"},"modified":"2020-05-19T12:27:28","modified_gmt":"2020-05-19T15:27:28","slug":"campana-30-despidos-en-la-contratista-ferrua","status":"publish","type":"post","link":"https:\/\/eldiariodesanpedro.com.ar\/sitio\/campana-30-despidos-en-la-contratista-ferrua\/","title":{"rendered":"CAMPANA | 30 despidos en la contratista Ferrua"},"content":{"rendered":"<!-- VideographyWP Plugin Message: Automatic video embedding prevented by plugin options. -->\n\n<p>Se trata de una empresa de log\u00edstica que prestaba servicios en el Scrap Service. Tras la rescisi\u00f3n del contrato con la planta local, la contratista despidi\u00f3 al personal, el cual se manifest\u00f3 esta ma\u00f1ana frente al desguace, quemando cubiertas.<\/p>\n\n\n\n<p>Esta ma\u00f1ana, trabajadores de la empresa Ferrua se manifestaron en el acceso a la planta de Scrap Service, perteneciente al Grupo Techint, luego de haber sido despedidos por la contratista.<\/p>\n\n\n\n<p>Seg\u00fan informaron, la firma prestaba un servicio de log\u00edstica en el lugar, y tras la rescisi\u00f3n del contrato que la vinculaba, resolvi\u00f3 despedir a su personal. Entre sus tareas, se ocupaba de recolectar material de las automotrices y llevarlas hasta el Scrap, donde luego de ser procesado el material, era enviado a la Acer\u00eda de Siderca.<\/p>\n\n\n\n<p>Unos 30 trabajadores de nuestra Ciudad se vieron afectados por la medida, por lo que decidieron bloquear el ingreso al Scrap y quemar cubiertas a la espera de alguna respuesta. Representantes de la Uni\u00f3n Obrera Metal\u00fargica Z\u00e1rate Campana se hizo presente en el lugar, junto a concejales de nuestra Ciudad que escucharon el reclamo de los despedidos.<\/p>\n\n\n\n<p>En horas de la ma\u00f1ana, una denuncia fue radicada ante el Ministerio de Trabajo y se espera la concreci\u00f3n de una audiencia.<\/p>\n\n\n\n<p>Fuente: Campana Noticias<\/p>\n","protected":false},"excerpt":{"rendered":"<p>Se trata de una empresa de log\u00edstica que prestaba servicios en el Scrap Service. Tras la rescisi\u00f3n del contrato con la planta local, la contratista despidi\u00f3 al personal, el cual se manifest\u00f3 esta ma\u00f1ana frente al desguace, quemando cubiertas. Esta ma\u00f1ana, trabajadores de la empresa Ferrua se manifestaron en el acceso a la planta de [&hellip;]<\/p>\n","protected":false},"author":4,"featured_media":73998,"comment_status":"open","ping_status":"closed","sticky":false,"template":"","format":"standard","meta":{"om_disable_all_campaigns":false,"_jetpack_memberships_contains_paid_content":false,"footnotes":""},"categories":[621],"tags":[686,1181],"class_list":["post-73997","post","type-post","status-publish","format-standard","has-post-thumbnail","hentry","category-regionales","tag-campana-2","tag-despidos"],"aioseo_notices":[],"gutentor_comment":0,"jetpack_featured_media_url":"https:\/\/eldiariodesanpedro.com.ar\/sitio\/wp-content\/uploads\/2020\/05\/20200518030249.jpg","jetpack_shortlink":"https:\/\/wp.me\/p6RhLt-jfv","jetpack_sharing_enabled":true,"_links":{"self":[{"href":"https:\/\/eldiariodesanpedro.com.ar\/sitio\/wp-json\/wp\/v2\/posts\/73997","targetHints":{"allow":["GET"]}}],"collection":[{"href":"https:\/\/eldiariodesanpedro.com.ar\/sitio\/wp-json\/wp\/v2\/posts"}],"about":[{"href":"https:\/\/eldiariodesanpedro.com.ar\/sitio\/wp-json\/wp\/v2\/types\/post"}],"author":[{"embeddable":true,"href":"https:\/\/eldiariodesanpedro.com.ar\/sitio\/wp-json\/wp\/v2\/users\/4"}],"replies":[{"embeddable":true,"href":"https:\/\/eldiariodesanpedro.com.ar\/sitio\/wp-json\/wp\/v2\/comments?post=73997"}],"version-history":[{"count":1,"href":"https:\/\/eldiariodesanpedro.com.ar\/sitio\/wp-json\/wp\/v2\/posts\/73997\/revisions"}],"predecessor-version":[{"id":73999,"href":"https:\/\/eldiariodesanpedro.com.ar\/sitio\/wp-json\/wp\/v2\/posts\/73997\/revisions\/73999"}],"wp:featuredmedia":[{"embeddable":true,"href":"https:\/\/eldiariodesanpedro.com.ar\/sitio\/wp-json\/wp\/v2\/media\/73998"}],"wp:attachment":[{"href":"https:\/\/eldiariodesanpedro.com.ar\/sitio\/wp-json\/wp\/v2\/media?parent=73997"}],"wp:term":[{"taxonomy":"category","embeddable":true,"href":"https:\/\/eldiariodesanpedro.com.ar\/sitio\/wp-json\/wp\/v2\/categories?post=73997"},{"taxonomy":"post_tag","embeddable":true,"href":"https:\/\/eldiariodesanpedro.com.ar\/sitio\/wp-json\/wp\/v2\/tags?post=73997"}],"curies":[{"name":"wp","href":"https:\/\/api.w.org\/{rel}","templated":true}]}}