{"id":73992,"date":"2020-05-19T12:05:25","date_gmt":"2020-05-19T15:05:25","guid":{"rendered":"https:\/\/eldiariodesanpedro.com.ar\/sitio\/?p=73992"},"modified":"2020-05-19T12:05:29","modified_gmt":"2020-05-19T15:05:29","slug":"dos-denuncias-por-amenazas","status":"publish","type":"post","link":"https:\/\/eldiariodesanpedro.com.ar\/sitio\/dos-denuncias-por-amenazas\/","title":{"rendered":"Dos denuncias por amenazas"},"content":{"rendered":"<!-- VideographyWP Plugin Message: Automatic video embedding prevented by plugin options. -->\n\n<p>Como cada d\u00eda la comisaria local recibe denuncias de diferente tipo por problemas vecinales, en esta ocasi\u00f3n se recibieron dos por amenazas reiteradas que se encuentran en investigaci\u00f3n.<\/p>\n\n\n\n<p>Esta tarde de lunes se recibi\u00f3 la denuncia de un masculino de 52 a\u00f1os en la comisar\u00eda local, quien declara que en horas del mediod\u00eda recibe una llamada desde un tel\u00e9fono particular por parte de un masculino que reconoce, quien luego de insultar profiere amenazas. Por conflicto de vieja data<\/p>\n\n\n\n<p>Tambi\u00e9n otro ciudadano de 61,&nbsp; denunci\u00f3 pasadas las 20 hs. en la comisar\u00eda local que momentos se encontraba su domicilio Fray Cayetano Rodriguez al 1000, es amenazado por otro masculino.<\/p>\n","protected":false},"excerpt":{"rendered":"<p>Como cada d\u00eda la comisaria local recibe denuncias de diferente tipo por problemas vecinales, en esta ocasi\u00f3n se recibieron dos por amenazas reiteradas que se encuentran en investigaci\u00f3n. Esta tarde de lunes se recibi\u00f3 la denuncia de un masculino de 52 a\u00f1os en la comisar\u00eda local, quien declara que en horas del mediod\u00eda recibe una [&hellip;]<\/p>\n","protected":false},"author":4,"featured_media":45394,"comment_status":"open","ping_status":"closed","sticky":false,"template":"","format":"standard","meta":{"om_disable_all_campaigns":false,"_jetpack_memberships_contains_paid_content":false,"footnotes":""},"categories":[2,103],"tags":[],"class_list":["post-73992","post","type-post","status-publish","format-standard","has-post-thumbnail","hentry","category-locales","category-policiales-locales"],"aioseo_notices":[],"gutentor_comment":0,"jetpack_featured_media_url":"https:\/\/eldiariodesanpedro.com.ar\/sitio\/wp-content\/uploads\/2019\/01\/comisaria.jpg","jetpack_shortlink":"https:\/\/wp.me\/p6RhLt-jfq","jetpack_sharing_enabled":true,"_links":{"self":[{"href":"https:\/\/eldiariodesanpedro.com.ar\/sitio\/wp-json\/wp\/v2\/posts\/73992","targetHints":{"allow":["GET"]}}],"collection":[{"href":"https:\/\/eldiariodesanpedro.com.ar\/sitio\/wp-json\/wp\/v2\/posts"}],"about":[{"href":"https:\/\/eldiariodesanpedro.com.ar\/sitio\/wp-json\/wp\/v2\/types\/post"}],"author":[{"embeddable":true,"href":"https:\/\/eldiariodesanpedro.com.ar\/sitio\/wp-json\/wp\/v2\/users\/4"}],"replies":[{"embeddable":true,"href":"https:\/\/eldiariodesanpedro.com.ar\/sitio\/wp-json\/wp\/v2\/comments?post=73992"}],"version-history":[{"count":1,"href":"https:\/\/eldiariodesanpedro.com.ar\/sitio\/wp-json\/wp\/v2\/posts\/73992\/revisions"}],"predecessor-version":[{"id":73993,"href":"https:\/\/eldiariodesanpedro.com.ar\/sitio\/wp-json\/wp\/v2\/posts\/73992\/revisions\/73993"}],"wp:featuredmedia":[{"embeddable":true,"href":"https:\/\/eldiariodesanpedro.com.ar\/sitio\/wp-json\/wp\/v2\/media\/45394"}],"wp:attachment":[{"href":"https:\/\/eldiariodesanpedro.com.ar\/sitio\/wp-json\/wp\/v2\/media?parent=73992"}],"wp:term":[{"taxonomy":"category","embeddable":true,"href":"https:\/\/eldiariodesanpedro.com.ar\/sitio\/wp-json\/wp\/v2\/categories?post=73992"},{"taxonomy":"post_tag","embeddable":true,"href":"https:\/\/eldiariodesanpedro.com.ar\/sitio\/wp-json\/wp\/v2\/tags?post=73992"}],"curies":[{"name":"wp","href":"https:\/\/api.w.org\/{rel}","templated":true}]}}