{"id":73990,"date":"2020-05-19T11:44:39","date_gmt":"2020-05-19T14:44:39","guid":{"rendered":"https:\/\/eldiariodesanpedro.com.ar\/sitio\/?p=73990"},"modified":"2020-05-19T11:44:43","modified_gmt":"2020-05-19T14:44:43","slug":"roban-una-motocicleta-en-una-vivienda","status":"publish","type":"post","link":"https:\/\/eldiariodesanpedro.com.ar\/sitio\/roban-una-motocicleta-en-una-vivienda\/","title":{"rendered":"Roban una motocicleta en una vivienda"},"content":{"rendered":"<!-- VideographyWP Plugin Message: Automatic video embedding prevented by plugin options. -->\n\n<p>Este lunes se recibi\u00f3 la denuncia de una femenina de 49 a\u00f1os, quien el d\u00eda domingo pasado a las 23.00 hs. momentos se encontraba su domicilio Sargento Selada 1700, constata que ignorados sustraen sin ejercer violencias motocicleta 110 cc y\u00a0 bicicleta de dama. Se investiga<\/p>\n","protected":false},"excerpt":{"rendered":"<p>Este lunes se recibi\u00f3 la denuncia de una femenina de 49 a\u00f1os, quien el d\u00eda domingo pasado a las 23.00 hs. momentos se encontraba su domicilio Sargento Selada 1700, constata que ignorados sustraen sin ejercer violencias motocicleta 110 cc y\u00a0 bicicleta de dama. Se investiga<\/p>\n","protected":false},"author":4,"featured_media":72529,"comment_status":"open","ping_status":"closed","sticky":false,"template":"","format":"standard","meta":{"om_disable_all_campaigns":false,"_jetpack_memberships_contains_paid_content":false,"footnotes":""},"categories":[2,103],"tags":[33,30,307,19],"class_list":["post-73990","post","type-post","status-publish","format-standard","has-post-thumbnail","hentry","category-locales","category-policiales-locales","tag-locales","tag-moto","tag-robaron","tag-san-pedro"],"aioseo_notices":[],"gutentor_comment":0,"jetpack_featured_media_url":"https:\/\/eldiariodesanpedro.com.ar\/sitio\/wp-content\/uploads\/2020\/04\/DSC_0094-scaled-e1587677024138.jpg","jetpack_shortlink":"https:\/\/wp.me\/p6RhLt-jfo","jetpack_sharing_enabled":true,"_links":{"self":[{"href":"https:\/\/eldiariodesanpedro.com.ar\/sitio\/wp-json\/wp\/v2\/posts\/73990","targetHints":{"allow":["GET"]}}],"collection":[{"href":"https:\/\/eldiariodesanpedro.com.ar\/sitio\/wp-json\/wp\/v2\/posts"}],"about":[{"href":"https:\/\/eldiariodesanpedro.com.ar\/sitio\/wp-json\/wp\/v2\/types\/post"}],"author":[{"embeddable":true,"href":"https:\/\/eldiariodesanpedro.com.ar\/sitio\/wp-json\/wp\/v2\/users\/4"}],"replies":[{"embeddable":true,"href":"https:\/\/eldiariodesanpedro.com.ar\/sitio\/wp-json\/wp\/v2\/comments?post=73990"}],"version-history":[{"count":1,"href":"https:\/\/eldiariodesanpedro.com.ar\/sitio\/wp-json\/wp\/v2\/posts\/73990\/revisions"}],"predecessor-version":[{"id":73991,"href":"https:\/\/eldiariodesanpedro.com.ar\/sitio\/wp-json\/wp\/v2\/posts\/73990\/revisions\/73991"}],"wp:featuredmedia":[{"embeddable":true,"href":"https:\/\/eldiariodesanpedro.com.ar\/sitio\/wp-json\/wp\/v2\/media\/72529"}],"wp:attachment":[{"href":"https:\/\/eldiariodesanpedro.com.ar\/sitio\/wp-json\/wp\/v2\/media?parent=73990"}],"wp:term":[{"taxonomy":"category","embeddable":true,"href":"https:\/\/eldiariodesanpedro.com.ar\/sitio\/wp-json\/wp\/v2\/categories?post=73990"},{"taxonomy":"post_tag","embeddable":true,"href":"https:\/\/eldiariodesanpedro.com.ar\/sitio\/wp-json\/wp\/v2\/tags?post=73990"}],"curies":[{"name":"wp","href":"https:\/\/api.w.org\/{rel}","templated":true}]}}