{"id":7399,"date":"2016-08-22T19:27:19","date_gmt":"2016-08-22T22:27:19","guid":{"rendered":"https:\/\/eldiariodesanpedro.com.ar\/sitio\/?p=7399"},"modified":"2016-08-22T19:27:19","modified_gmt":"2016-08-22T22:27:19","slug":"el-director-general-de-educacion-y-cultura-de-la-provincia-de-bs-as-visito-el-diario-de-san-pedro","status":"publish","type":"post","link":"https:\/\/eldiariodesanpedro.com.ar\/sitio\/el-director-general-de-educacion-y-cultura-de-la-provincia-de-bs-as-visito-el-diario-de-san-pedro\/","title":{"rendered":"El Director General de Educaci\u00f3n y Cultura de la Provincia de Bs.As visit\u00f3 \u00abEl Diario de San Pedro\u00bb"},"content":{"rendered":"<p><!-- VideographyWP Plugin Message: Automatic video embedding prevented by plugin options. --><br \/>\nEn un mano a mano con el titular de la cartera educativa provincial, Alejandro Finocchiaro, brind\u00f3 algunas consideraci\u00f3n sobre la educaci\u00f3n y la pol\u00edtica.<br \/>\nA continuaci\u00f3n algunos de los extractos de ese di\u00e1logo.<br \/>\n\u00bfPreguntarle primero por una opini\u00f3n sobre el paro docente del mi\u00e9rcoles?<br \/>\nLos paros nunca son buenos y mucho menos cuando dejan sin clases a los chicos. Los chicos no son el futuro, son el presente y nosotros tenemos que garantizarles el futuro como estado.<br \/>\nEn la Provincia de Buenos Aires no hay ninguna condici\u00f3n objetiva para hacer un paro porque la consultora en base a al cual arreglamos las paritarias est\u00e1 dando 5 o 6 puntos menos al d\u00eda de hoy de lo que se arregl\u00f3 en paritarias.<br \/>\nHicieron un paro provincial, sin ning\u00fan tipo de motivos. Lo que no puede pasar que la primer disenso se plantee la medida m\u00e1s grave y que ahora sumen uno nacional.<br \/>\nCreemos que no est\u00e1 bien. Si a cada disenso, como dec\u00eda Jos\u00e9 Luis Borges, son incorregibles.<\/p>\n<p>\u00bfA qu\u00e9 atribuye esta situaci\u00f3n sino es econ\u00f3mica?. Es pol\u00edtica?<br \/>\nSi pero eso no me lo deben preguntar a mi sino a los Secretarios Generales de los Gremios que el mi\u00e9rcoles van a dejar a los chicos de la provincia sin clases.<\/p>\n<p>\u00bfQu\u00e9 opini\u00f3n le merece la pol\u00e9mica sobre la \u201cvuelta de los unos\u201d en la evaluaci\u00f3n?<br \/>\nNo volvieron solo los \u201cunos\u201d sino los \u201cdiez\u201d tambi\u00e9n y nosotros aspiramos con esto a volver a formular como noci\u00f3n cultural el m\u00e9rito, el esfuerzo, el trabajo. Si un alumnos se saca un bochazo es la gran oportunidad, primero para que ese alumnos trabajen y mejore y adem\u00e1s es un aviso para el docente, para los cuerpos directivos de la escuela de que ah\u00ed est\u00e1 pasando algo con lo que se debe trabajar. Lo otro es INDEC educativo, lo otro es enga\u00f1arnos.  <\/p>\n<p>\u00bfCuando recorre los diferentes distritos que es lo que m\u00e1s le llama la atenci\u00f3n?<br \/>\nHay algo que me dicen, que a mi me asombra, es: \u201cestamos solos\u201d, \u201cnos sentimos solos\u201d y estamos tratando de ser muy activos para que no se sientan solos.<br \/>\nNosotros tenemos muy buenos docentes en la Provincia de Buenos Aires, muy buenos directivos, que trabajan mucho y que dan clases en condiciones muy dif\u00edciles muchas veces y a pesar de todo siguen educando. Hay que apoyarlos, hay que estar al lado de ellos. <\/p>\n","protected":false},"excerpt":{"rendered":"<p>En un mano a mano con el titular de la cartera educativa provincial, Alejandro Finocchiaro, brind\u00f3 algunas consideraci\u00f3n sobre la educaci\u00f3n y la pol\u00edtica. A continuaci\u00f3n algunos de los extractos de ese di\u00e1logo. \u00bfPreguntarle primero por una opini\u00f3n sobre el paro docente del mi\u00e9rcoles? Los paros nunca son buenos y mucho menos cuando dejan sin [&hellip;]<\/p>\n","protected":false},"author":4,"featured_media":7400,"comment_status":"open","ping_status":"closed","sticky":false,"template":"","format":"standard","meta":{"om_disable_all_campaigns":false,"_jetpack_memberships_contains_paid_content":false,"footnotes":""},"categories":[50,2,102],"tags":[],"class_list":["post-7399","post","type-post","status-publish","format-standard","has-post-thumbnail","hentry","category-destacadas","category-locales","category-politica-locales"],"aioseo_notices":[],"gutentor_comment":0,"jetpack_featured_media_url":"https:\/\/eldiariodesanpedro.com.ar\/sitio\/wp-content\/uploads\/2016\/08\/PAGINA-3-14.jpg","jetpack_shortlink":"https:\/\/wp.me\/p6RhLt-1Vl","jetpack_sharing_enabled":true,"_links":{"self":[{"href":"https:\/\/eldiariodesanpedro.com.ar\/sitio\/wp-json\/wp\/v2\/posts\/7399","targetHints":{"allow":["GET"]}}],"collection":[{"href":"https:\/\/eldiariodesanpedro.com.ar\/sitio\/wp-json\/wp\/v2\/posts"}],"about":[{"href":"https:\/\/eldiariodesanpedro.com.ar\/sitio\/wp-json\/wp\/v2\/types\/post"}],"author":[{"embeddable":true,"href":"https:\/\/eldiariodesanpedro.com.ar\/sitio\/wp-json\/wp\/v2\/users\/4"}],"replies":[{"embeddable":true,"href":"https:\/\/eldiariodesanpedro.com.ar\/sitio\/wp-json\/wp\/v2\/comments?post=7399"}],"version-history":[{"count":1,"href":"https:\/\/eldiariodesanpedro.com.ar\/sitio\/wp-json\/wp\/v2\/posts\/7399\/revisions"}],"predecessor-version":[{"id":7401,"href":"https:\/\/eldiariodesanpedro.com.ar\/sitio\/wp-json\/wp\/v2\/posts\/7399\/revisions\/7401"}],"wp:featuredmedia":[{"embeddable":true,"href":"https:\/\/eldiariodesanpedro.com.ar\/sitio\/wp-json\/wp\/v2\/media\/7400"}],"wp:attachment":[{"href":"https:\/\/eldiariodesanpedro.com.ar\/sitio\/wp-json\/wp\/v2\/media?parent=7399"}],"wp:term":[{"taxonomy":"category","embeddable":true,"href":"https:\/\/eldiariodesanpedro.com.ar\/sitio\/wp-json\/wp\/v2\/categories?post=7399"},{"taxonomy":"post_tag","embeddable":true,"href":"https:\/\/eldiariodesanpedro.com.ar\/sitio\/wp-json\/wp\/v2\/tags?post=7399"}],"curies":[{"name":"wp","href":"https:\/\/api.w.org\/{rel}","templated":true}]}}