{"id":73985,"date":"2020-05-19T11:33:40","date_gmt":"2020-05-19T14:33:40","guid":{"rendered":"https:\/\/eldiariodesanpedro.com.ar\/sitio\/?p=73985"},"modified":"2020-05-19T11:33:44","modified_gmt":"2020-05-19T14:33:44","slug":"se-secuestraron-dos-escopetas-en-allanamiento","status":"publish","type":"post","link":"https:\/\/eldiariodesanpedro.com.ar\/sitio\/se-secuestraron-dos-escopetas-en-allanamiento\/","title":{"rendered":"Se secuestraron dos escopetas en allanamiento"},"content":{"rendered":"<!-- VideographyWP Plugin Message: Automatic video embedding prevented by plugin options. -->\n\n<p>En la tarde noche de ayer en el marco hecho de robo ocurrido el pasado 19 de abril, el personal del gabinete criminol\u00f3gico de la comisar\u00eda tras averiguaciones ampliadas, datos recabados, logr\u00f3 establecer autor\u00eda de delincuente masculino solicitando dos allanamiento, que fueron extendido por Juzgado Garant\u00edas N\u00ba 2 de la departamental de San Nicol\u00e1s.\u00a0<\/p>\n\n\n\n<p>El primero de los domicilios allanado se encuentra ubicado en calle San Lorenzo 2310 con resultado negativo, la segunda diligencia se realiz\u00f3 en Lucio Mansilla 3680 donde arroja resultado positivo procediendo al secuestro de dos escopetas, una marca mundial doble ca\u00f1o calibre 20 y otra doble ca\u00f1o calibre 16 sin numeraci\u00f3n ni marca visible, tambi\u00e9n se secuestr\u00f3 16 cartuchos intactos, uno calibre 20 color amarillo marca Orbea, y los restantes calibre 16 color rojo marca Stoping Power.\u00a0<\/p>\n\n\n\n<p>Al momento de los trabajos realizados por los efectivos no se encontraba el morador de la vivienda.<\/p>\n\n\n\n<figure class=\"wp-block-image size-large\"><img decoding=\"async\" width=\"1024\" height=\"650\" data-attachment-id=\"73988\" data-permalink=\"https:\/\/eldiariodesanpedro.com.ar\/sitio\/se-secuestraron-dos-escopetas-en-allanamiento\/whatsapp-image-2020-05-19-at-11-03-32\/\" data-orig-file=\"https:\/\/eldiariodesanpedro.com.ar\/sitio\/wp-content\/uploads\/2020\/05\/WhatsApp-Image-2020-05-19-at-11.03.32.jpeg\" data-orig-size=\"1280,812\" data-comments-opened=\"1\" data-image-meta=\"{&quot;aperture&quot;:&quot;0&quot;,&quot;credit&quot;:&quot;&quot;,&quot;camera&quot;:&quot;&quot;,&quot;caption&quot;:&quot;&quot;,&quot;created_timestamp&quot;:&quot;0&quot;,&quot;copyright&quot;:&quot;&quot;,&quot;focal_length&quot;:&quot;0&quot;,&quot;iso&quot;:&quot;0&quot;,&quot;shutter_speed&quot;:&quot;0&quot;,&quot;title&quot;:&quot;&quot;,&quot;orientation&quot;:&quot;0&quot;}\" data-image-title=\"WhatsApp Image 2020-05-19 at 11.03.32\" data-image-description=\"\" data-image-caption=\"\" data-large-file=\"https:\/\/eldiariodesanpedro.com.ar\/sitio\/wp-content\/uploads\/2020\/05\/WhatsApp-Image-2020-05-19-at-11.03.32-1024x650.jpeg\" data-src=\"https:\/\/eldiariodesanpedro.com.ar\/sitio\/wp-content\/uploads\/2020\/05\/WhatsApp-Image-2020-05-19-at-11.03.32-1024x650.jpeg\" alt=\"\" class=\"wp-image-73988 lazyload\" data-srcset=\"https:\/\/eldiariodesanpedro.com.ar\/sitio\/wp-content\/uploads\/2020\/05\/WhatsApp-Image-2020-05-19-at-11.03.32-1024x650.jpeg 1024w, https:\/\/eldiariodesanpedro.com.ar\/sitio\/wp-content\/uploads\/2020\/05\/WhatsApp-Image-2020-05-19-at-11.03.32-300x190.jpeg 300w, https:\/\/eldiariodesanpedro.com.ar\/sitio\/wp-content\/uploads\/2020\/05\/WhatsApp-Image-2020-05-19-at-11.03.32-768x487.jpeg 768w, https:\/\/eldiariodesanpedro.com.ar\/sitio\/wp-content\/uploads\/2020\/05\/WhatsApp-Image-2020-05-19-at-11.03.32.jpeg 1280w\" data-sizes=\"(max-width: 1024px) 100vw, 1024px\" src=\"data:image\/svg+xml;base64,PHN2ZyB3aWR0aD0iMSIgaGVpZ2h0PSIxIiB4bWxucz0iaHR0cDovL3d3dy53My5vcmcvMjAwMC9zdmciPjwvc3ZnPg==\" style=\"--smush-placeholder-width: 1024px; --smush-placeholder-aspect-ratio: 1024\/650;\" \/><\/figure>\n\n\n\n<figure class=\"wp-block-image size-large\"><img decoding=\"async\" width=\"1024\" height=\"768\" data-attachment-id=\"73987\" data-permalink=\"https:\/\/eldiariodesanpedro.com.ar\/sitio\/se-secuestraron-dos-escopetas-en-allanamiento\/whatsapp-image-2020-05-19-at-11-03-32-2\/\" data-orig-file=\"https:\/\/eldiariodesanpedro.com.ar\/sitio\/wp-content\/uploads\/2020\/05\/WhatsApp-Image-2020-05-19-at-11.03.32-2.jpeg\" data-orig-size=\"1280,960\" data-comments-opened=\"1\" data-image-meta=\"{&quot;aperture&quot;:&quot;0&quot;,&quot;credit&quot;:&quot;&quot;,&quot;camera&quot;:&quot;&quot;,&quot;caption&quot;:&quot;&quot;,&quot;created_timestamp&quot;:&quot;0&quot;,&quot;copyright&quot;:&quot;&quot;,&quot;focal_length&quot;:&quot;0&quot;,&quot;iso&quot;:&quot;0&quot;,&quot;shutter_speed&quot;:&quot;0&quot;,&quot;title&quot;:&quot;&quot;,&quot;orientation&quot;:&quot;0&quot;}\" data-image-title=\"WhatsApp Image 2020-05-19 at 11.03.32 (2)\" data-image-description=\"\" data-image-caption=\"\" data-large-file=\"https:\/\/eldiariodesanpedro.com.ar\/sitio\/wp-content\/uploads\/2020\/05\/WhatsApp-Image-2020-05-19-at-11.03.32-2-1024x768.jpeg\" data-src=\"https:\/\/eldiariodesanpedro.com.ar\/sitio\/wp-content\/uploads\/2020\/05\/WhatsApp-Image-2020-05-19-at-11.03.32-2-1024x768.jpeg\" alt=\"\" class=\"wp-image-73987 lazyload\" data-srcset=\"https:\/\/eldiariodesanpedro.com.ar\/sitio\/wp-content\/uploads\/2020\/05\/WhatsApp-Image-2020-05-19-at-11.03.32-2-1024x768.jpeg 1024w, https:\/\/eldiariodesanpedro.com.ar\/sitio\/wp-content\/uploads\/2020\/05\/WhatsApp-Image-2020-05-19-at-11.03.32-2-300x225.jpeg 300w, https:\/\/eldiariodesanpedro.com.ar\/sitio\/wp-content\/uploads\/2020\/05\/WhatsApp-Image-2020-05-19-at-11.03.32-2-768x576.jpeg 768w, https:\/\/eldiariodesanpedro.com.ar\/sitio\/wp-content\/uploads\/2020\/05\/WhatsApp-Image-2020-05-19-at-11.03.32-2-500x375.jpeg 500w, https:\/\/eldiariodesanpedro.com.ar\/sitio\/wp-content\/uploads\/2020\/05\/WhatsApp-Image-2020-05-19-at-11.03.32-2.jpeg 1280w\" data-sizes=\"(max-width: 1024px) 100vw, 1024px\" src=\"data:image\/svg+xml;base64,PHN2ZyB3aWR0aD0iMSIgaGVpZ2h0PSIxIiB4bWxucz0iaHR0cDovL3d3dy53My5vcmcvMjAwMC9zdmciPjwvc3ZnPg==\" style=\"--smush-placeholder-width: 1024px; --smush-placeholder-aspect-ratio: 1024\/768;\" \/><\/figure>\n","protected":false},"excerpt":{"rendered":"<p>En la tarde noche de ayer en el marco hecho de robo ocurrido el pasado 19 de abril, el personal del gabinete criminol\u00f3gico de la comisar\u00eda tras averiguaciones ampliadas, datos recabados, logr\u00f3 establecer autor\u00eda de delincuente masculino solicitando dos allanamiento, que fueron extendido por Juzgado Garant\u00edas N\u00ba 2 de la departamental de San Nicol\u00e1s.\u00a0 El [&hellip;]<\/p>\n","protected":false},"author":4,"featured_media":73986,"comment_status":"open","ping_status":"closed","sticky":false,"template":"","format":"standard","meta":{"om_disable_all_campaigns":false,"_jetpack_memberships_contains_paid_content":false,"footnotes":""},"categories":[50,2,103],"tags":[122,197,1218,33,95,1145],"class_list":["post-73985","post","type-post","status-publish","format-standard","has-post-thumbnail","hentry","category-destacadas","category-locales","category-policiales-locales","tag-allanamiento","tag-buenos-aires","tag-escopetas","tag-locales","tag-policiales","tag-positivo"],"aioseo_notices":[],"gutentor_comment":0,"jetpack_featured_media_url":"https:\/\/eldiariodesanpedro.com.ar\/sitio\/wp-content\/uploads\/2020\/05\/WhatsApp-Image-2020-05-19-at-11.03.32-1.jpeg","jetpack_shortlink":"https:\/\/wp.me\/p6RhLt-jfj","jetpack_sharing_enabled":true,"_links":{"self":[{"href":"https:\/\/eldiariodesanpedro.com.ar\/sitio\/wp-json\/wp\/v2\/posts\/73985","targetHints":{"allow":["GET"]}}],"collection":[{"href":"https:\/\/eldiariodesanpedro.com.ar\/sitio\/wp-json\/wp\/v2\/posts"}],"about":[{"href":"https:\/\/eldiariodesanpedro.com.ar\/sitio\/wp-json\/wp\/v2\/types\/post"}],"author":[{"embeddable":true,"href":"https:\/\/eldiariodesanpedro.com.ar\/sitio\/wp-json\/wp\/v2\/users\/4"}],"replies":[{"embeddable":true,"href":"https:\/\/eldiariodesanpedro.com.ar\/sitio\/wp-json\/wp\/v2\/comments?post=73985"}],"version-history":[{"count":1,"href":"https:\/\/eldiariodesanpedro.com.ar\/sitio\/wp-json\/wp\/v2\/posts\/73985\/revisions"}],"predecessor-version":[{"id":73989,"href":"https:\/\/eldiariodesanpedro.com.ar\/sitio\/wp-json\/wp\/v2\/posts\/73985\/revisions\/73989"}],"wp:featuredmedia":[{"embeddable":true,"href":"https:\/\/eldiariodesanpedro.com.ar\/sitio\/wp-json\/wp\/v2\/media\/73986"}],"wp:attachment":[{"href":"https:\/\/eldiariodesanpedro.com.ar\/sitio\/wp-json\/wp\/v2\/media?parent=73985"}],"wp:term":[{"taxonomy":"category","embeddable":true,"href":"https:\/\/eldiariodesanpedro.com.ar\/sitio\/wp-json\/wp\/v2\/categories?post=73985"},{"taxonomy":"post_tag","embeddable":true,"href":"https:\/\/eldiariodesanpedro.com.ar\/sitio\/wp-json\/wp\/v2\/tags?post=73985"}],"curies":[{"name":"wp","href":"https:\/\/api.w.org\/{rel}","templated":true}]}}