{"id":7396,"date":"2016-08-22T19:25:38","date_gmt":"2016-08-22T22:25:38","guid":{"rendered":"https:\/\/eldiariodesanpedro.com.ar\/sitio\/?p=7396"},"modified":"2016-08-22T19:25:38","modified_gmt":"2016-08-22T22:25:38","slug":"con-la-presencia-de-finocchiaro-se-inauguro-el-jardin-no-918","status":"publish","type":"post","link":"https:\/\/eldiariodesanpedro.com.ar\/sitio\/con-la-presencia-de-finocchiaro-se-inauguro-el-jardin-no-918\/","title":{"rendered":"Con la presencia de Finocchiaro se inaugur\u00f3 el Jard\u00edn N\u00ba 918"},"content":{"rendered":"<p><!-- VideographyWP Plugin Message: Automatic video embedding prevented by plugin options. --><br \/>\nUn evento esperado por la comunidad educativa de la ciudad pero tambi\u00e9n por los pap\u00e1s ante la falta de establecimientos de educaci\u00f3n inicial en la ciudad. Este nuevo jard\u00edn albergar\u00e1 unos 150 ni\u00f1os en dos turnos.<br \/>\nPara participar del acto de inauguraci\u00f3n, estuvo presente en la ciudad el Director General de Educaci\u00f3n y Cultura de la Provincia de Bs.As, Alejandro Finocchiaro, quien junto al Intendente Salazar presidieron el evento. Tambi\u00e9n particip\u00f3 el senador por la Segunda Secci\u00f3n  Electoral, Marcelo Pac\u00edfico, funcionarios locales, concejales y autoridades de educaci\u00f3n, estuvieron presentes tambi\u00e9n.<br \/>\nEn principio, la directora Anah\u00ed Peralta dijo: \u201cHoy el Jard\u00edn de Infante 918 abre sus puertas con la finalidad de brindar un espacio educativo de igualdad de oportunidades, acompa\u00f1ando el desarrollo integral de ni\u00f1os y ni\u00f1as, basado en el respeto y de una manera inclusiva\u201d. Y agreg\u00f3: \u201cEducar es encender una llama, no ocupar un espacio vac\u00eda, dijo por \u00faltimo emocionada\u201d.<br \/>\nEn tanto Salazar, le dijo a Finocchiaro: \u201cSaber que est\u00e1s ac\u00e1 es saber que tenemos el acompa\u00f1amiento de la provincia y de nuestra gobernadora\u201d.<br \/>\nAl tiempo que el mandatario agreg\u00f3: \u201cNosotros desde ac\u00e1 vamos a hacer todo el esfuerzo que el dinero que llegue para el fondo educativo volcarlo, en algo que no se hac\u00eda, que es justamente este tipo de obras\u201d.<br \/>\nPor su parte el funcionario provincial, sostuvo: \u201cLa educaci\u00f3n es algo que tenemos que dejar afuera de la lucha pol\u00edtico partidaria, los adultos tenemos que aprender a resolver nuestras diferencias con los chicos adentros de las aulas y no afuera\u201d.<br \/>\n\u201cNosotros queremos trabajar para que la educaci\u00f3n vuelva a ser la gran niveladora de la l\u00ednea de partida\u201d, \u201cpara que todos tengan las misma oportunidades que siempre dio la escuela p\u00fablica y las mismas posibilidades que desde el estado les tenemos que otorgar a cada chico de la Provincia de Buenos Aires\u201d, sostuvo.<br \/>\nLuego de ello, las autoridades realizaron una recorrida por el Jard\u00edn y de all\u00ed parti\u00f3 a la Escuela N\u00ba 502 donde tom\u00f3 contacto con docentes y alumnos. <\/p>\n","protected":false},"excerpt":{"rendered":"<p>Un evento esperado por la comunidad educativa de la ciudad pero tambi\u00e9n por los pap\u00e1s ante la falta de establecimientos de educaci\u00f3n inicial en la ciudad. Este nuevo jard\u00edn albergar\u00e1 unos 150 ni\u00f1os en dos turnos. Para participar del acto de inauguraci\u00f3n, estuvo presente en la ciudad el Director General de Educaci\u00f3n y Cultura de [&hellip;]<\/p>\n","protected":false},"author":4,"featured_media":7397,"comment_status":"open","ping_status":"closed","sticky":false,"template":"","format":"standard","meta":{"om_disable_all_campaigns":false,"_jetpack_memberships_contains_paid_content":false,"footnotes":""},"categories":[50,101,2],"tags":[],"class_list":["post-7396","post","type-post","status-publish","format-standard","has-post-thumbnail","hentry","category-destacadas","category-interes-general-locales","category-locales"],"aioseo_notices":[],"gutentor_comment":0,"jetpack_featured_media_url":"https:\/\/eldiariodesanpedro.com.ar\/sitio\/wp-content\/uploads\/2016\/08\/ignauguracion-918.jpg","jetpack_shortlink":"https:\/\/wp.me\/p6RhLt-1Vi","jetpack_sharing_enabled":true,"_links":{"self":[{"href":"https:\/\/eldiariodesanpedro.com.ar\/sitio\/wp-json\/wp\/v2\/posts\/7396","targetHints":{"allow":["GET"]}}],"collection":[{"href":"https:\/\/eldiariodesanpedro.com.ar\/sitio\/wp-json\/wp\/v2\/posts"}],"about":[{"href":"https:\/\/eldiariodesanpedro.com.ar\/sitio\/wp-json\/wp\/v2\/types\/post"}],"author":[{"embeddable":true,"href":"https:\/\/eldiariodesanpedro.com.ar\/sitio\/wp-json\/wp\/v2\/users\/4"}],"replies":[{"embeddable":true,"href":"https:\/\/eldiariodesanpedro.com.ar\/sitio\/wp-json\/wp\/v2\/comments?post=7396"}],"version-history":[{"count":1,"href":"https:\/\/eldiariodesanpedro.com.ar\/sitio\/wp-json\/wp\/v2\/posts\/7396\/revisions"}],"predecessor-version":[{"id":7398,"href":"https:\/\/eldiariodesanpedro.com.ar\/sitio\/wp-json\/wp\/v2\/posts\/7396\/revisions\/7398"}],"wp:featuredmedia":[{"embeddable":true,"href":"https:\/\/eldiariodesanpedro.com.ar\/sitio\/wp-json\/wp\/v2\/media\/7397"}],"wp:attachment":[{"href":"https:\/\/eldiariodesanpedro.com.ar\/sitio\/wp-json\/wp\/v2\/media?parent=7396"}],"wp:term":[{"taxonomy":"category","embeddable":true,"href":"https:\/\/eldiariodesanpedro.com.ar\/sitio\/wp-json\/wp\/v2\/categories?post=7396"},{"taxonomy":"post_tag","embeddable":true,"href":"https:\/\/eldiariodesanpedro.com.ar\/sitio\/wp-json\/wp\/v2\/tags?post=7396"}],"curies":[{"name":"wp","href":"https:\/\/api.w.org\/{rel}","templated":true}]}}