{"id":73930,"date":"2020-05-18T12:15:37","date_gmt":"2020-05-18T15:15:37","guid":{"rendered":"https:\/\/eldiariodesanpedro.com.ar\/sitio\/?p=73930"},"modified":"2020-05-18T12:15:41","modified_gmt":"2020-05-18T15:15:41","slug":"abren-desde-hoy-y-durante-12-dias-las-compuertas-en-brasil-para-mejorar-el-nivel-del-parana","status":"publish","type":"post","link":"https:\/\/eldiariodesanpedro.com.ar\/sitio\/abren-desde-hoy-y-durante-12-dias-las-compuertas-en-brasil-para-mejorar-el-nivel-del-parana\/","title":{"rendered":"Abren desde hoy y durante 12 d\u00edas las compuertas en brasil para mejorar el nivel del Paran\u00e1"},"content":{"rendered":"<!-- VideographyWP Plugin Message: Automatic video embedding prevented by plugin options. -->\n\n<p>El Consejo de Administraci\u00f3n de la hidroel\u00e9ctrica Itaip\u00fa resolvi\u00f3 abrir compuertas durante doce d\u00edas a partir de hoy lunes, para que mejore el nivel del r\u00edo Paran\u00e1 y asegurar as\u00ed las condiciones de navegabilidad. Se espera que en 10 d\u00edas el Paran\u00e1 comience a recuperar caudal en esta zona. Ayer el registro de nivel del Paran\u00e1 a la altura de San Nicol\u00e1s era de 0,21 m.<\/p>\n\n\n\n<p>El Consejo de Administraci\u00f3n de la hidroel\u00e9ctrica Itaip\u00fa, ubicada entre Brasil y Paraguay, resolvi\u00f3 abrir compuertas durante doce d\u00edas para que mejore el nivel del r\u00edo Paran\u00e1 y asegurar as\u00ed las condiciones de navegabilidad.La decisi\u00f3n se tom\u00f3 despu\u00e9s de gestiones diplom\u00e1ticas de los gobiernos de Argentina, Paraguay y Brasil, en beneficio de los dos primeros dado que mejorar\u00e1 la altura del r\u00edo Paran\u00e1 y permitir\u00e1 dar mayor seguridad a la navegabilidad de los barcos y buques dedicados al comercio.El Ministerio de Relaciones Exteriores del Paraguay envi\u00f3 una nota al Consejo de Administraci\u00f3n de la hidroel\u00e9ctrica ante la severa crisis hidrol\u00f3gica que afecta a la regi\u00f3n, con impacto en todo el noreste argentino.El Gobierno paraguayo pidi\u00f3 a las autoridades de la represa una flexibilizaci\u00f3n del embalse a la cota 217 metros sobre el nivel del mar, para obtener niveles de agua del r\u00edo suficientes que permitan a ese pa\u00eds ejercer su derecho de navegaci\u00f3n fluvial, lo cual fue autorizado.<\/p>\n\n\n\n<p>La autorizaci\u00f3n para abrir compuertas fue tomada en reuni\u00f3n extraordinaria realizada el mi\u00e9rcoles; las autoridades consideraron dos situaciones: los contratiempos que ven\u00eda registrando el tr\u00e1nsito fluvial en el r\u00edo Paran\u00e1 y el contexto de crisis econ\u00f3mica por la pandemia causada por el COVID-19.Esto indica que la apertura del vertedero comenzar\u00e1 hoy lunes 18 de mayo y se mantendr\u00e1 su administraci\u00f3n durante un lapso de doce d\u00edas, en el que se ir\u00e1 analizando la situaci\u00f3n jornada a jornada.<\/p>\n\n\n\n<p>En un comunicado, el Consejo de Administraci\u00f3n dijo que ha \u201creconocido el principio fundamental del derecho internacional de la utilizaci\u00f3n equitativa y racional de los r\u00edos internacionales, en este caso el Paran\u00e1\u201d.<\/p>\n\n\n\n<p>Emergencia<\/p>\n\n\n\n<p>Los legisladores argentinos en el Parlasur hab\u00edan solicitado a los Poderes Ejecutivos de los Estados Parte y sus organismos competentes un pedido de informes sobre \u201cla situaci\u00f3n actual y previsiones futuras de las cuencas de los r\u00edos Paran\u00e1, Iguaz\u00fa, Uruguay y Paraguay y el impacto ambiental a causa de las deforestaciones en la zona de la amazonia y otras \u00e1reas naturales\u201d.Esta iniciativa tambi\u00e9n busca crear en el Mercosur el Instituto Internacional del Medio Ambiente, el Agua y el Desarrollo Humano, que trazar\u00e1 un \u201cPlan estrat\u00e9gico ante la crisis h\u00eddrica y ambiental\u201d para la regi\u00f3n, \u201cpropiciando pol\u00edticas p\u00fablicas y la generaci\u00f3n de medidas necesarias para el mejor aprovechamiento h\u00eddrico y la preservaci\u00f3n del ambiente humano en condiciones de desarrollo de la vida en todas sus especies\u201d.El Parlasur fue constituido en diciembre de 2006 como sustituto de la Comisi\u00f3n Parlamentaria Conjunta, y es el \u00f3rgano representativo de los Estados Parte, que son Argentina, Brasil, Paraguay y Uruguay, con Bolivia en proceso de adhesi\u00f3n y Venezuela en estado de suspensi\u00f3n.<\/p>\n","protected":false},"excerpt":{"rendered":"<p>El Consejo de Administraci\u00f3n de la hidroel\u00e9ctrica Itaip\u00fa resolvi\u00f3 abrir compuertas durante doce d\u00edas a partir de hoy lunes, para que mejore el nivel del r\u00edo Paran\u00e1 y asegurar as\u00ed las condiciones de navegabilidad. Se espera que en 10 d\u00edas el Paran\u00e1 comience a recuperar caudal en esta zona. Ayer el registro de nivel del [&hellip;]<\/p>\n","protected":false},"author":4,"featured_media":73932,"comment_status":"open","ping_status":"closed","sticky":false,"template":"","format":"standard","meta":{"om_disable_all_campaigns":false,"_jetpack_memberships_contains_paid_content":false,"footnotes":""},"categories":[101,2],"tags":[1207,1206,197,696,33,1161,19],"class_list":["post-73930","post","type-post","status-publish","format-standard","has-post-thumbnail","hentry","category-interes-general-locales","category-locales","tag-apertura-de-compuertas","tag-bajante-historica","tag-buenos-aires","tag-interes-general","tag-locales","tag-rio-parana","tag-san-pedro"],"aioseo_notices":[],"gutentor_comment":0,"jetpack_featured_media_url":"https:\/\/eldiariodesanpedro.com.ar\/sitio\/wp-content\/uploads\/2020\/05\/98188667_10221870654818212_4639853753984352256_o.jpg","jetpack_shortlink":"https:\/\/wp.me\/p6RhLt-jeq","jetpack_sharing_enabled":true,"_links":{"self":[{"href":"https:\/\/eldiariodesanpedro.com.ar\/sitio\/wp-json\/wp\/v2\/posts\/73930","targetHints":{"allow":["GET"]}}],"collection":[{"href":"https:\/\/eldiariodesanpedro.com.ar\/sitio\/wp-json\/wp\/v2\/posts"}],"about":[{"href":"https:\/\/eldiariodesanpedro.com.ar\/sitio\/wp-json\/wp\/v2\/types\/post"}],"author":[{"embeddable":true,"href":"https:\/\/eldiariodesanpedro.com.ar\/sitio\/wp-json\/wp\/v2\/users\/4"}],"replies":[{"embeddable":true,"href":"https:\/\/eldiariodesanpedro.com.ar\/sitio\/wp-json\/wp\/v2\/comments?post=73930"}],"version-history":[{"count":1,"href":"https:\/\/eldiariodesanpedro.com.ar\/sitio\/wp-json\/wp\/v2\/posts\/73930\/revisions"}],"predecessor-version":[{"id":73933,"href":"https:\/\/eldiariodesanpedro.com.ar\/sitio\/wp-json\/wp\/v2\/posts\/73930\/revisions\/73933"}],"wp:featuredmedia":[{"embeddable":true,"href":"https:\/\/eldiariodesanpedro.com.ar\/sitio\/wp-json\/wp\/v2\/media\/73932"}],"wp:attachment":[{"href":"https:\/\/eldiariodesanpedro.com.ar\/sitio\/wp-json\/wp\/v2\/media?parent=73930"}],"wp:term":[{"taxonomy":"category","embeddable":true,"href":"https:\/\/eldiariodesanpedro.com.ar\/sitio\/wp-json\/wp\/v2\/categories?post=73930"},{"taxonomy":"post_tag","embeddable":true,"href":"https:\/\/eldiariodesanpedro.com.ar\/sitio\/wp-json\/wp\/v2\/tags?post=73930"}],"curies":[{"name":"wp","href":"https:\/\/api.w.org\/{rel}","templated":true}]}}