{"id":73927,"date":"2020-05-18T12:07:46","date_gmt":"2020-05-18T15:07:46","guid":{"rendered":"https:\/\/eldiariodesanpedro.com.ar\/sitio\/?p=73927"},"modified":"2020-05-18T12:08:43","modified_gmt":"2020-05-18T15:08:43","slug":"campana-noche-de-terror-para-una-familia-en-el-barrio-las-lomadas","status":"publish","type":"post","link":"https:\/\/eldiariodesanpedro.com.ar\/sitio\/campana-noche-de-terror-para-una-familia-en-el-barrio-las-lomadas\/","title":{"rendered":"CAMPANA | Noche de terror para una familia en el barrio Las Lomadas"},"content":{"rendered":"<!-- VideographyWP Plugin Message: Automatic video embedding prevented by plugin options. -->\n\n<p>Cerca de las cuatro de la madrugada, delincuentes ingresaron a la vivienda, los encerraron y desvalijaron el lugar. Los ladrones estuvieron cerca de una hora en el interior de la casa, y huyeron sin ser vistos. Reci\u00e9n tres horas m\u00e1s tarde, vecinos oyeron los gritos pidiendo ayuda y lograron liberarlos. Piden el cierre de un camino abierto detr\u00e1s del barrio, por donde los malvivientes suelen acceder.<\/p>\n\n\n\n<p>Una familia fue asaltada en su vivienda del Barrio Las Lomadas en Altos Los Cardales, perteneciente al Municipio de Campana. El hecho ocurri\u00f3 alrededor de las 4:30 de la madrugada, cuando tres delincuentes fuertemente armados ingresaron a la propiedad.<\/p>\n\n\n\n<p>All\u00ed sorprendieron mientras dorm\u00edan a una pareja y su hijo menor de edad. Los tres fueron maniatados, amenazados, y encerrados dos en las habitaciones y uno en el ba\u00f1o, mientras desvalijaban la propiedad, llev\u00e1ndose equipos de electr\u00f3nica, alimentos, documentos, tarjetas y una suma menor de dinero en efectivo.<\/p>\n\n\n\n<p>Las v\u00edctimas estiman que los ladrones estuvieron poco menos de una hora concretando el robo, para luego darse a la fuga. Reci\u00e9n cerca de las 7:30 hs, vecinos de la familia escucharon los gritos pidiendo ayuda, y lograron auxiliarlos dando aviso al Destacamento Policial Alto Los Cardales.<\/p>\n\n\n\n<p>Seg\u00fan se\u00f1alaron, los malvivientes habr\u00edan ingresado al domicilio el fondo del mismo, cortando el alambre perimetral y forzando las cerraduras de las ventanas. A unos 10 metros del \u201cboquete\u201d, se ubica una c\u00e1mara del CIMoPU por lo que las autoridades se encuentran investigando los registros.<\/p>\n\n\n\n<p>En el d\u00eda de hoy, los vecinos mantendr\u00edan una reuni\u00f3n con responsables del \u00e1rea de seguridad municipal debido a los reiterados hechos ocurridos en la zona, a los que se suman delitos en los barrios La Codorniz (Ruta 4) y El Pinar (Ruta 6).<\/p>\n\n\n\n<p>Uno de los pedidos, adem\u00e1s de solicitar un refuerzo policial, ser\u00e1 el cierre de un camino abierto detr\u00e1s del barrio Las Lomadas, por donde acceder\u00edan los delincuentes con facilidad. Seg\u00fan los habitantes del lugar, en encuentros previos el Municipio habr\u00eda comprometido el cierre del mismo, no concretado hasta el momento. Los \u00faltimos robos sufridos dar\u00edan cuenta de la urgencia del bloqueo del paso.<\/p>\n\n\n\n<p>Fuente: <a href=\"https:\/\/www.campananoticias.com\/noticia\/60935\/noche-de-terror-para-una-familia-en-el-barrio-las-lomadas\">Campana Noticias<\/a><\/p>\n","protected":false},"excerpt":{"rendered":"<p>Cerca de las cuatro de la madrugada, delincuentes ingresaron a la vivienda, los encerraron y desvalijaron el lugar. Los ladrones estuvieron cerca de una hora en el interior de la casa, y huyeron sin ser vistos. Reci\u00e9n tres horas m\u00e1s tarde, vecinos oyeron los gritos pidiendo ayuda y lograron liberarlos. Piden el cierre de un [&hellip;]<\/p>\n","protected":false},"author":4,"featured_media":73929,"comment_status":"open","ping_status":"closed","sticky":false,"template":"","format":"standard","meta":{"om_disable_all_campaigns":false,"_jetpack_memberships_contains_paid_content":false,"footnotes":""},"categories":[621],"tags":[686,1205,681],"class_list":["post-73927","post","type-post","status-publish","format-standard","has-post-thumbnail","hentry","category-regionales","tag-campana-2","tag-las-lomas","tag-regionales"],"aioseo_notices":[],"gutentor_comment":0,"jetpack_featured_media_url":"https:\/\/eldiariodesanpedro.com.ar\/sitio\/wp-content\/uploads\/2020\/05\/20200517112042.jpeg","jetpack_shortlink":"https:\/\/wp.me\/p6RhLt-jen","jetpack_sharing_enabled":true,"_links":{"self":[{"href":"https:\/\/eldiariodesanpedro.com.ar\/sitio\/wp-json\/wp\/v2\/posts\/73927","targetHints":{"allow":["GET"]}}],"collection":[{"href":"https:\/\/eldiariodesanpedro.com.ar\/sitio\/wp-json\/wp\/v2\/posts"}],"about":[{"href":"https:\/\/eldiariodesanpedro.com.ar\/sitio\/wp-json\/wp\/v2\/types\/post"}],"author":[{"embeddable":true,"href":"https:\/\/eldiariodesanpedro.com.ar\/sitio\/wp-json\/wp\/v2\/users\/4"}],"replies":[{"embeddable":true,"href":"https:\/\/eldiariodesanpedro.com.ar\/sitio\/wp-json\/wp\/v2\/comments?post=73927"}],"version-history":[{"count":1,"href":"https:\/\/eldiariodesanpedro.com.ar\/sitio\/wp-json\/wp\/v2\/posts\/73927\/revisions"}],"predecessor-version":[{"id":73928,"href":"https:\/\/eldiariodesanpedro.com.ar\/sitio\/wp-json\/wp\/v2\/posts\/73927\/revisions\/73928"}],"wp:featuredmedia":[{"embeddable":true,"href":"https:\/\/eldiariodesanpedro.com.ar\/sitio\/wp-json\/wp\/v2\/media\/73929"}],"wp:attachment":[{"href":"https:\/\/eldiariodesanpedro.com.ar\/sitio\/wp-json\/wp\/v2\/media?parent=73927"}],"wp:term":[{"taxonomy":"category","embeddable":true,"href":"https:\/\/eldiariodesanpedro.com.ar\/sitio\/wp-json\/wp\/v2\/categories?post=73927"},{"taxonomy":"post_tag","embeddable":true,"href":"https:\/\/eldiariodesanpedro.com.ar\/sitio\/wp-json\/wp\/v2\/tags?post=73927"}],"curies":[{"name":"wp","href":"https:\/\/api.w.org\/{rel}","templated":true}]}}