{"id":73909,"date":"2020-05-18T10:51:08","date_gmt":"2020-05-18T13:51:08","guid":{"rendered":"https:\/\/eldiariodesanpedro.com.ar\/sitio\/?p=73909"},"modified":"2020-05-18T10:51:12","modified_gmt":"2020-05-18T13:51:12","slug":"una-personas-son-traumatismo-de-craneo-en-accidente","status":"publish","type":"post","link":"https:\/\/eldiariodesanpedro.com.ar\/sitio\/una-personas-son-traumatismo-de-craneo-en-accidente\/","title":{"rendered":"Una personas son traumatismo de cr\u00e1neo en accidente"},"content":{"rendered":"<!-- VideographyWP Plugin Message: Automatic video embedding prevented by plugin options. -->\n\n<p>En la jornada del s\u00e1bado ocurri\u00f3 un accidente de tr\u00e1nsito sobre ruta 1001 y calle Rivadavia de la localidad de Gobernador Castro con una persona gravemente herida.<\/p>\n\n\n\n<p>Se hace presente un m\u00f3vil policial tras un llamado de un vecino al 911, donde una motocicleta tipo 110 cc conducida por masculino de 34 a\u00f1os, quien por razones que se trata de establecer perdi\u00f3 el control de su rodado.<\/p>\n\n\n\n<p>Este joven fue trasladado por la ambulancia de esa localidad hasta el hospital Emilio Ruffa de San Pedro, donde se pudo determinar que sufri\u00f3 una grave traumatismo de cr\u00e1neo y p\u00e9rdida de conocimiento.<\/p>\n","protected":false},"excerpt":{"rendered":"<p>En la jornada del s\u00e1bado ocurri\u00f3 un accidente de tr\u00e1nsito sobre ruta 1001 y calle Rivadavia de la localidad de Gobernador Castro con una persona gravemente herida. Se hace presente un m\u00f3vil policial tras un llamado de un vecino al 911, donde una motocicleta tipo 110 cc conducida por masculino de 34 a\u00f1os, quien por [&hellip;]<\/p>\n","protected":false},"author":4,"featured_media":71475,"comment_status":"open","ping_status":"closed","sticky":false,"template":"","format":"standard","meta":{"om_disable_all_campaigns":false,"_jetpack_memberships_contains_paid_content":false,"footnotes":""},"categories":[2,103],"tags":[24,197,33],"class_list":["post-73909","post","type-post","status-publish","format-standard","has-post-thumbnail","hentry","category-locales","category-policiales-locales","tag-accidente","tag-buenos-aires","tag-locales"],"aioseo_notices":[],"gutentor_comment":0,"jetpack_featured_media_url":"https:\/\/eldiariodesanpedro.com.ar\/sitio\/wp-content\/uploads\/2020\/04\/patrullero-policial1.jpg","jetpack_shortlink":"https:\/\/wp.me\/p6RhLt-je5","jetpack_sharing_enabled":true,"_links":{"self":[{"href":"https:\/\/eldiariodesanpedro.com.ar\/sitio\/wp-json\/wp\/v2\/posts\/73909","targetHints":{"allow":["GET"]}}],"collection":[{"href":"https:\/\/eldiariodesanpedro.com.ar\/sitio\/wp-json\/wp\/v2\/posts"}],"about":[{"href":"https:\/\/eldiariodesanpedro.com.ar\/sitio\/wp-json\/wp\/v2\/types\/post"}],"author":[{"embeddable":true,"href":"https:\/\/eldiariodesanpedro.com.ar\/sitio\/wp-json\/wp\/v2\/users\/4"}],"replies":[{"embeddable":true,"href":"https:\/\/eldiariodesanpedro.com.ar\/sitio\/wp-json\/wp\/v2\/comments?post=73909"}],"version-history":[{"count":1,"href":"https:\/\/eldiariodesanpedro.com.ar\/sitio\/wp-json\/wp\/v2\/posts\/73909\/revisions"}],"predecessor-version":[{"id":73910,"href":"https:\/\/eldiariodesanpedro.com.ar\/sitio\/wp-json\/wp\/v2\/posts\/73909\/revisions\/73910"}],"wp:featuredmedia":[{"embeddable":true,"href":"https:\/\/eldiariodesanpedro.com.ar\/sitio\/wp-json\/wp\/v2\/media\/71475"}],"wp:attachment":[{"href":"https:\/\/eldiariodesanpedro.com.ar\/sitio\/wp-json\/wp\/v2\/media?parent=73909"}],"wp:term":[{"taxonomy":"category","embeddable":true,"href":"https:\/\/eldiariodesanpedro.com.ar\/sitio\/wp-json\/wp\/v2\/categories?post=73909"},{"taxonomy":"post_tag","embeddable":true,"href":"https:\/\/eldiariodesanpedro.com.ar\/sitio\/wp-json\/wp\/v2\/tags?post=73909"}],"curies":[{"name":"wp","href":"https:\/\/api.w.org\/{rel}","templated":true}]}}