{"id":73899,"date":"2020-05-18T10:28:16","date_gmt":"2020-05-18T13:28:16","guid":{"rendered":"https:\/\/eldiariodesanpedro.com.ar\/sitio\/?p=73899"},"modified":"2020-05-18T10:28:21","modified_gmt":"2020-05-18T13:28:21","slug":"anses-cronograma-de-pagos-para-hoy","status":"publish","type":"post","link":"https:\/\/eldiariodesanpedro.com.ar\/sitio\/anses-cronograma-de-pagos-para-hoy\/","title":{"rendered":"ANSES: Cronograma de pagos para hoy"},"content":{"rendered":"<!-- VideographyWP Plugin Message: Automatic video embedding prevented by plugin options. -->\n\n<p><strong>Titulares de jubilaciones y pensiones del Sistema Integrado Previsional Argentino (SIPA)<\/strong><\/p>\n\n\n\n<p>Las sucursales bancarias habilitadas atender\u00e1n por ventanilla solo los pagos&nbsp;<strong>del mes de mayo<\/strong>&nbsp;para los&nbsp;<strong>jubilados y pensionados con documentos terminados en 6 y cuyos haberes NO superen la suma de $17.859<\/strong>.<\/p>\n\n\n\n<p>En este sentido, si bien los titulares no tienen que solicitar turno previo para cobrar este beneficio,&nbsp;<strong>deben acercarse a la sucursal bancaria \u00fanicamente en las fechas asignadas<\/strong>. Cabe recordar que los haberes permanecer\u00e1n depositados en las cuentas de los titulares.<\/p>\n\n\n\n<p><strong>Asignaci\u00f3n Universal por Hijo y por Embarazo<\/strong><\/p>\n\n\n\n<p>A trav\u00e9s de su tarjeta de d\u00e9bito,&nbsp;hoy cobrar\u00e1n&nbsp;los titulares de la Asignaci\u00f3n Universal por Hijo (AUH) con documentos terminados en 6 y aquellos de la Asignaci\u00f3n por Embarazo con documentos finalizados en 5.<\/p>\n\n\n\n<p><strong>Beneficios del Ingreso Familiar de Emergencia (IFE)<\/strong><\/p>\n\n\n\n<p>Asimismo, contin\u00faan acredit\u00e1ndose los $10.000 del Ingreso Familiar de Emergencia (IFE) para quienes que<em>&nbsp;<\/em><em>hayan elegido su medio de pago entre el 16 y 20 de abril pasados<\/em><em>.<\/em><\/p>\n\n\n\n<p>Para consultar fecha, lugar y modalidad de cobro, quienes reciban el IFE deber\u00e1n ingresar en&nbsp;<a href=\"http:\/\/www.anses.gob.ar\/informacion\/cuando-y-donde-cobro-el-ingreso-familiar-de-emergencia-ife\" target=\"_blank\" rel=\"noreferrer noopener\">www.anses.gob.ar\/informacion\/cuando-y-donde-cobro-el-ingreso-familiar-de-emergencia-ife<\/a>.<\/p>\n","protected":false},"excerpt":{"rendered":"<p>Titulares de jubilaciones y pensiones del Sistema Integrado Previsional Argentino (SIPA) Las sucursales bancarias habilitadas atender\u00e1n por ventanilla solo los pagos&nbsp;del mes de mayo&nbsp;para los&nbsp;jubilados y pensionados con documentos terminados en 6 y cuyos haberes NO superen la suma de $17.859. En este sentido, si bien los titulares no tienen que solicitar turno previo para [&hellip;]<\/p>\n","protected":false},"author":4,"featured_media":72139,"comment_status":"open","ping_status":"closed","sticky":false,"template":"","format":"standard","meta":{"om_disable_all_campaigns":false,"_jetpack_memberships_contains_paid_content":false,"footnotes":""},"categories":[101,2],"tags":[879,1200,1103,1085,1007,19],"class_list":["post-73899","post","type-post","status-publish","format-standard","has-post-thumbnail","hentry","category-interes-general-locales","category-locales","tag-ife","tag-interes-gerneral","tag-jubilaciones","tag-pagos","tag-pensiones","tag-san-pedro"],"aioseo_notices":[],"gutentor_comment":0,"jetpack_featured_media_url":"https:\/\/eldiariodesanpedro.com.ar\/sitio\/wp-content\/uploads\/2020\/04\/anses-ife.jpg","jetpack_shortlink":"https:\/\/wp.me\/p6RhLt-jdV","jetpack_sharing_enabled":true,"_links":{"self":[{"href":"https:\/\/eldiariodesanpedro.com.ar\/sitio\/wp-json\/wp\/v2\/posts\/73899","targetHints":{"allow":["GET"]}}],"collection":[{"href":"https:\/\/eldiariodesanpedro.com.ar\/sitio\/wp-json\/wp\/v2\/posts"}],"about":[{"href":"https:\/\/eldiariodesanpedro.com.ar\/sitio\/wp-json\/wp\/v2\/types\/post"}],"author":[{"embeddable":true,"href":"https:\/\/eldiariodesanpedro.com.ar\/sitio\/wp-json\/wp\/v2\/users\/4"}],"replies":[{"embeddable":true,"href":"https:\/\/eldiariodesanpedro.com.ar\/sitio\/wp-json\/wp\/v2\/comments?post=73899"}],"version-history":[{"count":1,"href":"https:\/\/eldiariodesanpedro.com.ar\/sitio\/wp-json\/wp\/v2\/posts\/73899\/revisions"}],"predecessor-version":[{"id":73900,"href":"https:\/\/eldiariodesanpedro.com.ar\/sitio\/wp-json\/wp\/v2\/posts\/73899\/revisions\/73900"}],"wp:featuredmedia":[{"embeddable":true,"href":"https:\/\/eldiariodesanpedro.com.ar\/sitio\/wp-json\/wp\/v2\/media\/72139"}],"wp:attachment":[{"href":"https:\/\/eldiariodesanpedro.com.ar\/sitio\/wp-json\/wp\/v2\/media?parent=73899"}],"wp:term":[{"taxonomy":"category","embeddable":true,"href":"https:\/\/eldiariodesanpedro.com.ar\/sitio\/wp-json\/wp\/v2\/categories?post=73899"},{"taxonomy":"post_tag","embeddable":true,"href":"https:\/\/eldiariodesanpedro.com.ar\/sitio\/wp-json\/wp\/v2\/tags?post=73899"}],"curies":[{"name":"wp","href":"https:\/\/api.w.org\/{rel}","templated":true}]}}