{"id":73868,"date":"2020-05-17T12:40:56","date_gmt":"2020-05-17T15:40:56","guid":{"rendered":"https:\/\/eldiariodesanpedro.com.ar\/sitio\/?p=73868"},"modified":"2020-05-17T12:41:00","modified_gmt":"2020-05-17T15:41:00","slug":"arrecifes-test-de-olfato-primer-dia-sin-sintomas","status":"publish","type":"post","link":"https:\/\/eldiariodesanpedro.com.ar\/sitio\/arrecifes-test-de-olfato-primer-dia-sin-sintomas\/","title":{"rendered":"ARRECIFES | Test de Olfato: Primer d\u00eda sin s\u00edntomas"},"content":{"rendered":"<!-- VideographyWP Plugin Message: Automatic video embedding prevented by plugin options. -->\n\n<p>La Municipalidad de Arrecifes cumpli\u00f3 con el primer d\u00eda de realizaci\u00f3n de test de olfato en los puestos de control de ingreso al radio c\u00e9ntrico.<\/p>\n\n\n\n<p>Alumnos de la Tecnicatura Superior en Enfermer\u00eda entregaron a los automovilistas una cinta de cart\u00f3n embebida en una fragancia para que huelan e identifiquen. Esta pr\u00e1ctica se adopta debido a que la p\u00e9rdida de olfato y de gusto son dos de los s\u00edntomas propios del coronavirus.<\/p>\n\n\n\n<p>Este s\u00e1bado se realizaron aproximadamente 200 test, no detect\u00e1ndose p\u00e9rdida de olfato en ninguno de los casos.<\/p>\n\n\n\n<p><strong>QU\u00c9 SE HACE SI NO PASAN EL TEST<\/strong><\/p>\n\n\n\n<p>El protocolo de actuaci\u00f3n ante s\u00edntomas de coronavirus indica que si una persona no logra identificar el aroma en estos test, adicionalmente se le debe tomar la temperatura y ser remitido de inmediato a cumplir con la cuarentena. Mientras tanto, se le realiza un seguimiento telef\u00f3nico para evaluar su estado de salud y determinar si presenta otros s\u00edntomas.<\/p>\n\n\n\n<p>Fuente: Arrecifes Noticias<\/p>\n","protected":false},"excerpt":{"rendered":"<p>La Municipalidad de Arrecifes cumpli\u00f3 con el primer d\u00eda de realizaci\u00f3n de test de olfato en los puestos de control de ingreso al radio c\u00e9ntrico. Alumnos de la Tecnicatura Superior en Enfermer\u00eda entregaron a los automovilistas una cinta de cart\u00f3n embebida en una fragancia para que huelan e identifiquen. Esta pr\u00e1ctica se adopta debido a [&hellip;]<\/p>\n","protected":false},"author":4,"featured_media":73869,"comment_status":"open","ping_status":"closed","sticky":false,"template":"","format":"standard","meta":{"om_disable_all_campaigns":false,"_jetpack_memberships_contains_paid_content":false,"footnotes":""},"categories":[621],"tags":[640,681,1194,1193],"class_list":["post-73868","post","type-post","status-publish","format-standard","has-post-thumbnail","hentry","category-regionales","tag-arrecifes","tag-regionales","tag-sintomas","tag-test-de-olfato"],"aioseo_notices":[],"gutentor_comment":0,"jetpack_featured_media_url":"https:\/\/eldiariodesanpedro.com.ar\/sitio\/wp-content\/uploads\/2020\/05\/Test-Olfato-1-710x510-1.jpg","jetpack_shortlink":"https:\/\/wp.me\/p6RhLt-jdq","jetpack_sharing_enabled":true,"_links":{"self":[{"href":"https:\/\/eldiariodesanpedro.com.ar\/sitio\/wp-json\/wp\/v2\/posts\/73868","targetHints":{"allow":["GET"]}}],"collection":[{"href":"https:\/\/eldiariodesanpedro.com.ar\/sitio\/wp-json\/wp\/v2\/posts"}],"about":[{"href":"https:\/\/eldiariodesanpedro.com.ar\/sitio\/wp-json\/wp\/v2\/types\/post"}],"author":[{"embeddable":true,"href":"https:\/\/eldiariodesanpedro.com.ar\/sitio\/wp-json\/wp\/v2\/users\/4"}],"replies":[{"embeddable":true,"href":"https:\/\/eldiariodesanpedro.com.ar\/sitio\/wp-json\/wp\/v2\/comments?post=73868"}],"version-history":[{"count":1,"href":"https:\/\/eldiariodesanpedro.com.ar\/sitio\/wp-json\/wp\/v2\/posts\/73868\/revisions"}],"predecessor-version":[{"id":73870,"href":"https:\/\/eldiariodesanpedro.com.ar\/sitio\/wp-json\/wp\/v2\/posts\/73868\/revisions\/73870"}],"wp:featuredmedia":[{"embeddable":true,"href":"https:\/\/eldiariodesanpedro.com.ar\/sitio\/wp-json\/wp\/v2\/media\/73869"}],"wp:attachment":[{"href":"https:\/\/eldiariodesanpedro.com.ar\/sitio\/wp-json\/wp\/v2\/media?parent=73868"}],"wp:term":[{"taxonomy":"category","embeddable":true,"href":"https:\/\/eldiariodesanpedro.com.ar\/sitio\/wp-json\/wp\/v2\/categories?post=73868"},{"taxonomy":"post_tag","embeddable":true,"href":"https:\/\/eldiariodesanpedro.com.ar\/sitio\/wp-json\/wp\/v2\/tags?post=73868"}],"curies":[{"name":"wp","href":"https:\/\/api.w.org\/{rel}","templated":true}]}}