{"id":73865,"date":"2020-05-17T12:28:32","date_gmt":"2020-05-17T15:28:32","guid":{"rendered":"https:\/\/eldiariodesanpedro.com.ar\/sitio\/?p=73865"},"modified":"2020-05-17T12:28:33","modified_gmt":"2020-05-17T15:28:33","slug":"baradero-nuevas-medidas-preventivas-y-transitorias","status":"publish","type":"post","link":"https:\/\/eldiariodesanpedro.com.ar\/sitio\/baradero-nuevas-medidas-preventivas-y-transitorias\/","title":{"rendered":"BARADERO | Nuevas medidas preventivas y transitorias"},"content":{"rendered":"<!-- VideographyWP Plugin Message: Automatic video embedding prevented by plugin options. -->\n\n<p>Desde el mi\u00e9rcoles 14 de mayo, comenzaron a regir nuevas medidas preventivas de salud a ra\u00edz de las confirmaciones de las dos personas de Baradero y una persona oriunda de San Pedro que trabaja en la ciudad con Covid-19 positivo.<\/p>\n\n\n\n<p>Las medidas comerciales y profesionales se postergaron; mientras que las de servicios esenciales se extremaron. Las mismas&nbsp;<strong>son transitorias y se ir\u00e1n evaluando y modificando paulatinamente, con la prioridad puesta en la salud de todas y todos los baraderenses.<\/strong><\/p>\n\n\n\n<p><strong>ADMINISTRACI\u00d3N P\u00daBLICA<\/strong><br><strong>La atenci\u00f3n al p\u00fablico del Municipio de Baradero permanece completamente cerrada. Las \u00e1reas que cumplen funciones indispensables son:\u00a0<\/strong><\/p>\n\n\n\n<ul class=\"wp-block-list\"><li>Sub Secretar\u00eda de Salud<\/li><li>Sub Secretar\u00eda de Seguridad<\/li><li>Secretar\u00eda de Obras y Servicios P\u00fablicos<\/li><li>Secretar\u00eda de Desarrollo Humano<br>Las dem\u00e1s \u00e1reas se encuentran realizando guardias m\u00ednimas.\u00a0<\/li><\/ul>\n\n\n\n<p><strong>COMERCIOS: excepciones esenciale<\/strong>s<\/p>\n\n\n\n<ul class=\"wp-block-list\"><li>Comercios rubros alimenticios de 8 a 18 horas.<\/li><li>Ferreter\u00edas, forrajer\u00edas y venta de garrafas de 9 a 13 horas.<\/li><li>Servicio de delivery gastron\u00f3mico hasta las 23 horas.<\/li><li>Las famarcias podr\u00e1n hacer su labor normalmente.<\/li><li>Venta de productos de limpieza de 9 a 13 horas.<\/li><li>Remiser\u00edas de 8 a 18 horas (luego de ese horario, guardia telef\u00f3nica para traslados a farmacias o a personal de servicio esencial).<\/li><li>Cl\u00ednicas Veterinarias (de 9 a 13 horas, luego s\u00f3lo de urgencias).<\/li><\/ul>\n\n\n\n<p><strong>ACTIVIDADES COMERCIALES POSTERGADAS<\/strong><\/p>\n\n\n\n<ul class=\"wp-block-list\"><li>Bazares<\/li><li>Casas de fotograf\u00edas<\/li><li>Casas de electricidad<\/li><li>Venta de telas<\/li><li>Mercer\u00edas<\/li><li>Ventas de celulares<\/li><li>Papeleras<\/li><li>Relojer\u00edas y joyer\u00edas<\/li><li>Venta de ropa<\/li><li>Agencias de seguros<\/li><li>Concesionarias de autos y motos<\/li><li>Librer\u00edas<\/li><li>Casas de electrodom\u00e9sticos<\/li><li>Muebler\u00edas<\/li><li>Pinturer\u00edas<\/li><li>Polirubros<\/li><li>Bicicleter\u00edas<\/li><li>Corralones de materiales<\/li><li>Zapater\u00edas<\/li><\/ul>\n\n\n\n<p><strong>EXCEPCIONES PARA PROFESIONALES Y DE ATENCI\u00d3N AL P\u00daBLICO POSTERGADAS<\/strong><\/p>\n\n\n\n<ul class=\"wp-block-list\"><li>Estudios jur\u00eddicos<\/li><li>Escriban\u00edas<\/li><li>Estudios contables<\/li><li>Obras de construcci\u00f3n privadas: alba\u00f1iler\u00eda, pintura, gas, construcci\u00f3n en seco, electricidad, carpinter\u00eda<\/li><li>Jardiner\u00eda<\/li><li>Martilleros<\/li><li>Lavaderos de autos<\/li><li>Peluquer\u00edas, centros de est\u00e9tica y cuidado personal<\/li><\/ul>\n\n\n\n<p><strong>ACTIVIDADES DEL CUIDADO DE LA SALUD POSTERGADAS<\/strong><\/p>\n\n\n\n<ul class=\"wp-block-list\"><li>Consultorios kinesiol\u00f3gicos<\/li><li>Consultorios nutricionales<\/li><li>Consultorios psicol\u00f3gicos<\/li><li>Consultorios fonoaudiolog\u00eda<\/li><li>Consultorios oftalm\u00f3logo<\/li><\/ul>\n\n\n\n<p><strong>MEDIOS DE PAGO<\/strong><\/p>\n\n\n\n<p><strong>Se mantienen cerrados los:<\/strong><\/p>\n\n\n\n<ul class=\"wp-block-list\"><li>Lugares de cobros<\/li><li>Centros de Comercio e Industria<\/li><li>Correo Argentino (s\u00f3lo abierto para el cobro del I.F.E)<\/li><\/ul>\n\n\n\n<p><strong>Recordamos que las \u00e1reas esenciales del municipio como seguridad, salud, servicios p\u00fablicos y desarrollo humano siguen trabajando. Adem\u00e1s, las dem\u00e1s \u00e1reas tienen guardias m\u00ednimas que ser\u00e1n informadas oficialmente a la brevedad.<\/strong><\/p>\n\n\n\n<p>FUENTE: <a href=\"https:\/\/tulineadirecta.com\/nuevas-medidas-preventivas-y-transitorias\/\">Tu Linea Directa<\/a><\/p>\n","protected":false},"excerpt":{"rendered":"<p>Desde el mi\u00e9rcoles 14 de mayo, comenzaron a regir nuevas medidas preventivas de salud a ra\u00edz de las confirmaciones de las dos personas de Baradero y una persona oriunda de San Pedro que trabaja en la ciudad con Covid-19 positivo. Las medidas comerciales y profesionales se postergaron; mientras que las de servicios esenciales se extremaron. [&hellip;]<\/p>\n","protected":false},"author":4,"featured_media":73866,"comment_status":"open","ping_status":"closed","sticky":false,"template":"","format":"standard","meta":{"om_disable_all_campaigns":false,"_jetpack_memberships_contains_paid_content":false,"footnotes":""},"categories":[621],"tags":[139,1192,681],"class_list":["post-73865","post","type-post","status-publish","format-standard","has-post-thumbnail","hentry","category-regionales","tag-baradero","tag-preventivas","tag-regionales"],"aioseo_notices":[],"gutentor_comment":0,"jetpack_featured_media_url":"https:\/\/eldiariodesanpedro.com.ar\/sitio\/wp-content\/uploads\/2020\/05\/municipalidad-baradero.jpg","jetpack_shortlink":"https:\/\/wp.me\/p6RhLt-jdn","jetpack_sharing_enabled":true,"_links":{"self":[{"href":"https:\/\/eldiariodesanpedro.com.ar\/sitio\/wp-json\/wp\/v2\/posts\/73865","targetHints":{"allow":["GET"]}}],"collection":[{"href":"https:\/\/eldiariodesanpedro.com.ar\/sitio\/wp-json\/wp\/v2\/posts"}],"about":[{"href":"https:\/\/eldiariodesanpedro.com.ar\/sitio\/wp-json\/wp\/v2\/types\/post"}],"author":[{"embeddable":true,"href":"https:\/\/eldiariodesanpedro.com.ar\/sitio\/wp-json\/wp\/v2\/users\/4"}],"replies":[{"embeddable":true,"href":"https:\/\/eldiariodesanpedro.com.ar\/sitio\/wp-json\/wp\/v2\/comments?post=73865"}],"version-history":[{"count":1,"href":"https:\/\/eldiariodesanpedro.com.ar\/sitio\/wp-json\/wp\/v2\/posts\/73865\/revisions"}],"predecessor-version":[{"id":73867,"href":"https:\/\/eldiariodesanpedro.com.ar\/sitio\/wp-json\/wp\/v2\/posts\/73865\/revisions\/73867"}],"wp:featuredmedia":[{"embeddable":true,"href":"https:\/\/eldiariodesanpedro.com.ar\/sitio\/wp-json\/wp\/v2\/media\/73866"}],"wp:attachment":[{"href":"https:\/\/eldiariodesanpedro.com.ar\/sitio\/wp-json\/wp\/v2\/media?parent=73865"}],"wp:term":[{"taxonomy":"category","embeddable":true,"href":"https:\/\/eldiariodesanpedro.com.ar\/sitio\/wp-json\/wp\/v2\/categories?post=73865"},{"taxonomy":"post_tag","embeddable":true,"href":"https:\/\/eldiariodesanpedro.com.ar\/sitio\/wp-json\/wp\/v2\/tags?post=73865"}],"curies":[{"name":"wp","href":"https:\/\/api.w.org\/{rel}","templated":true}]}}