{"id":73862,"date":"2020-05-17T12:19:59","date_gmt":"2020-05-17T15:19:59","guid":{"rendered":"https:\/\/eldiariodesanpedro.com.ar\/sitio\/?p=73862"},"modified":"2020-05-17T12:20:02","modified_gmt":"2020-05-17T15:20:02","slug":"baradero-coronavirus-ante-las-versiones-de-que-los-medicos-habian-estado-en-una-fiesta-de-cumpleanos-el-fin-de-semana-el-municipio-inicia-una-investigacion","status":"publish","type":"post","link":"https:\/\/eldiariodesanpedro.com.ar\/sitio\/baradero-coronavirus-ante-las-versiones-de-que-los-medicos-habian-estado-en-una-fiesta-de-cumpleanos-el-fin-de-semana-el-municipio-inicia-una-investigacion\/","title":{"rendered":"BARADERO | Coronavirus: ante las versiones de que los m\u00e9dicos hab\u00edan estado en una fiesta de cumplea\u00f1os el fin de semana, el municipio inicia una investigaci\u00f3n"},"content":{"rendered":"<!-- VideographyWP Plugin Message: Automatic video embedding prevented by plugin options. -->\n\n<p>Lo confirm\u00f3 en di\u00e1logo exclusivo con Tu Radio el intendente municipal Esteban Sanzio. Fue tras la confirmaci\u00f3n de dos casos positivos de coronavirus. \u201cYo no creo ni dejo de creer. Pero es mi obligaci\u00f3n investigar para llevarle tranquilidad a la gente\u201d, manifest\u00f3.<\/p>\n\n\n\n<p>En el di\u00e1logo radial el jefe comunal se refiri\u00f3 a la situaci\u00f3n y expres\u00f3: \u201cni el Municipio, ni yo como Intendente tengo la facultad de limitar el trabajo de los profesionales de la Salud en otras localidades. Con ese criterio algunos m\u00e9dicos de otras ciudades no podr\u00edan ingresar a Baradero y se complicar\u00eda la situaci\u00f3n.\u201d<\/p>\n\n\n\n<p>Sobre los casos positivos anunciados, Sanzio volvi\u00f3 a insistir con que \u201cno hay que tomar esto como un \u00e9xito o un fracaso\u201d.<\/p>\n\n\n\n<p>\u201cSe tomaron todas las medidas de prevenci\u00f3n que estaban a nuestro alcance. Viendo las estad\u00edsticas nacionales sab\u00edamos que era muy posible que el virus pod\u00eda llegar a Baradero\u201d, a\u00f1adi\u00f3 el intendente.<\/p>\n\n\n\n<p>Tras conocerse la confirmaci\u00f3n de Covid-19, la ciudad se vio inundada por audios virales expresando que \u201clos m\u00e9dicos hab\u00edan roto la cuarentena en una fiesta de cumplea\u00f1os\u201d. Al respecto Sanzio anunci\u00f3: \u201clos funcionarios o personal de la Salud sab\u00edan que fuera de su labor no pod\u00edan realizar reuniones con familiares o amigos. Vamos a comenzar una investigaci\u00f3n para saber si los infectados realizaron alg\u00fan tipo de reuni\u00f3n.\u201d<\/p>\n\n\n\n<p>\u201cYo no creo ni dejo de creer. Pero es mi obligaci\u00f3n investigar para llevarle tranquilidad a la gente\u201d, manifest\u00f3.<\/p>\n\n\n\n<p>Fuente: <a href=\"https:\/\/tulineadirecta.com\/coronavirus-ante-las-versiones-de-que-los-medicos-habian-estado-en-una-fiesta-de-cumpleanos-el-fin-de-semana-el-municipio-inicia-una-investigacion\/\">Tu Linea Directa<\/a><\/p>\n","protected":false},"excerpt":{"rendered":"<p>Lo confirm\u00f3 en di\u00e1logo exclusivo con Tu Radio el intendente municipal Esteban Sanzio. Fue tras la confirmaci\u00f3n de dos casos positivos de coronavirus. \u201cYo no creo ni dejo de creer. Pero es mi obligaci\u00f3n investigar para llevarle tranquilidad a la gente\u201d, manifest\u00f3. En el di\u00e1logo radial el jefe comunal se refiri\u00f3 a la situaci\u00f3n y [&hellip;]<\/p>\n","protected":false},"author":4,"featured_media":73863,"comment_status":"open","ping_status":"closed","sticky":false,"template":"","format":"standard","meta":{"om_disable_all_campaigns":false,"_jetpack_memberships_contains_paid_content":false,"footnotes":""},"categories":[621],"tags":[810,681],"class_list":["post-73862","post","type-post","status-publish","format-standard","has-post-thumbnail","hentry","category-regionales","tag-casos-positivos","tag-regionales"],"aioseo_notices":[],"gutentor_comment":0,"jetpack_featured_media_url":"https:\/\/eldiariodesanpedro.com.ar\/sitio\/wp-content\/uploads\/2020\/05\/DSC_3290-1.jpg","jetpack_shortlink":"https:\/\/wp.me\/p6RhLt-jdk","jetpack_sharing_enabled":true,"_links":{"self":[{"href":"https:\/\/eldiariodesanpedro.com.ar\/sitio\/wp-json\/wp\/v2\/posts\/73862","targetHints":{"allow":["GET"]}}],"collection":[{"href":"https:\/\/eldiariodesanpedro.com.ar\/sitio\/wp-json\/wp\/v2\/posts"}],"about":[{"href":"https:\/\/eldiariodesanpedro.com.ar\/sitio\/wp-json\/wp\/v2\/types\/post"}],"author":[{"embeddable":true,"href":"https:\/\/eldiariodesanpedro.com.ar\/sitio\/wp-json\/wp\/v2\/users\/4"}],"replies":[{"embeddable":true,"href":"https:\/\/eldiariodesanpedro.com.ar\/sitio\/wp-json\/wp\/v2\/comments?post=73862"}],"version-history":[{"count":1,"href":"https:\/\/eldiariodesanpedro.com.ar\/sitio\/wp-json\/wp\/v2\/posts\/73862\/revisions"}],"predecessor-version":[{"id":73864,"href":"https:\/\/eldiariodesanpedro.com.ar\/sitio\/wp-json\/wp\/v2\/posts\/73862\/revisions\/73864"}],"wp:featuredmedia":[{"embeddable":true,"href":"https:\/\/eldiariodesanpedro.com.ar\/sitio\/wp-json\/wp\/v2\/media\/73863"}],"wp:attachment":[{"href":"https:\/\/eldiariodesanpedro.com.ar\/sitio\/wp-json\/wp\/v2\/media?parent=73862"}],"wp:term":[{"taxonomy":"category","embeddable":true,"href":"https:\/\/eldiariodesanpedro.com.ar\/sitio\/wp-json\/wp\/v2\/categories?post=73862"},{"taxonomy":"post_tag","embeddable":true,"href":"https:\/\/eldiariodesanpedro.com.ar\/sitio\/wp-json\/wp\/v2\/tags?post=73862"}],"curies":[{"name":"wp","href":"https:\/\/api.w.org\/{rel}","templated":true}]}}