{"id":73842,"date":"2020-05-17T11:47:54","date_gmt":"2020-05-17T14:47:54","guid":{"rendered":"https:\/\/eldiariodesanpedro.com.ar\/sitio\/?p=73842"},"modified":"2020-05-17T11:47:58","modified_gmt":"2020-05-17T14:47:58","slug":"vercelli-abono-el-50-pero-continua-el-paro-de-colectivos","status":"publish","type":"post","link":"https:\/\/eldiariodesanpedro.com.ar\/sitio\/vercelli-abono-el-50-pero-continua-el-paro-de-colectivos\/","title":{"rendered":"Vercelli abon\u00f3 el 50% pero contin\u00faa el paro de colectivos"},"content":{"rendered":"<!-- VideographyWP Plugin Message: Automatic video embedding prevented by plugin options. -->\n\n<p>La Uni\u00f3n Tranviarios Automotor confirm\u00f3 que el paro de transporte p\u00fablico contin\u00faa por tiempo indeterminado.<\/p>\n\n\n\n<p>La empresa Vercelli recibi\u00f3 parte del subsidio nacional el martes de esta semana, y abon\u00f3 el 50% de los salarios. Esto no bast\u00f3 para que la medida sea replanteada.<\/p>\n\n\n\n<p>La situaci\u00f3n es similar en casi todo el pa\u00eds. Decidieron desde el Consejo Directivo Nacional de UTA que hasta que no se abone la totalidad de los salarios de todos los trabajadores del volante, la medida de fuerza no se levantar\u00e1.<\/p>\n","protected":false},"excerpt":{"rendered":"<p>La Uni\u00f3n Tranviarios Automotor confirm\u00f3 que el paro de transporte p\u00fablico contin\u00faa por tiempo indeterminado. La empresa Vercelli recibi\u00f3 parte del subsidio nacional el martes de esta semana, y abon\u00f3 el 50% de los salarios. Esto no bast\u00f3 para que la medida sea replanteada. La situaci\u00f3n es similar en casi todo el pa\u00eds. Decidieron desde [&hellip;]<\/p>\n","protected":false},"author":4,"featured_media":72142,"comment_status":"open","ping_status":"closed","sticky":false,"template":"","format":"standard","meta":{"om_disable_all_campaigns":false,"_jetpack_memberships_contains_paid_content":false,"footnotes":""},"categories":[50,101,2],"tags":[197,33,1178,19,1177],"class_list":["post-73842","post","type-post","status-publish","format-standard","has-post-thumbnail","hentry","category-destacadas","category-interes-general-locales","category-locales","tag-buenos-aires","tag-locales","tag-paro-de-colectivos","tag-san-pedro","tag-vercelli"],"aioseo_notices":[],"gutentor_comment":0,"jetpack_featured_media_url":"https:\/\/eldiariodesanpedro.com.ar\/sitio\/wp-content\/uploads\/2020\/04\/nota-759197-empresa-vercelli-hnos-pidio-nuevo-aumento-para-boleto-solicitud-esta-manos-concejo-deliberante-130410055653-1.jpg","jetpack_shortlink":"https:\/\/wp.me\/p6RhLt-jd0","jetpack_sharing_enabled":true,"_links":{"self":[{"href":"https:\/\/eldiariodesanpedro.com.ar\/sitio\/wp-json\/wp\/v2\/posts\/73842","targetHints":{"allow":["GET"]}}],"collection":[{"href":"https:\/\/eldiariodesanpedro.com.ar\/sitio\/wp-json\/wp\/v2\/posts"}],"about":[{"href":"https:\/\/eldiariodesanpedro.com.ar\/sitio\/wp-json\/wp\/v2\/types\/post"}],"author":[{"embeddable":true,"href":"https:\/\/eldiariodesanpedro.com.ar\/sitio\/wp-json\/wp\/v2\/users\/4"}],"replies":[{"embeddable":true,"href":"https:\/\/eldiariodesanpedro.com.ar\/sitio\/wp-json\/wp\/v2\/comments?post=73842"}],"version-history":[{"count":1,"href":"https:\/\/eldiariodesanpedro.com.ar\/sitio\/wp-json\/wp\/v2\/posts\/73842\/revisions"}],"predecessor-version":[{"id":73843,"href":"https:\/\/eldiariodesanpedro.com.ar\/sitio\/wp-json\/wp\/v2\/posts\/73842\/revisions\/73843"}],"wp:featuredmedia":[{"embeddable":true,"href":"https:\/\/eldiariodesanpedro.com.ar\/sitio\/wp-json\/wp\/v2\/media\/72142"}],"wp:attachment":[{"href":"https:\/\/eldiariodesanpedro.com.ar\/sitio\/wp-json\/wp\/v2\/media?parent=73842"}],"wp:term":[{"taxonomy":"category","embeddable":true,"href":"https:\/\/eldiariodesanpedro.com.ar\/sitio\/wp-json\/wp\/v2\/categories?post=73842"},{"taxonomy":"post_tag","embeddable":true,"href":"https:\/\/eldiariodesanpedro.com.ar\/sitio\/wp-json\/wp\/v2\/tags?post=73842"}],"curies":[{"name":"wp","href":"https:\/\/api.w.org\/{rel}","templated":true}]}}