{"id":73837,"date":"2020-05-16T12:38:37","date_gmt":"2020-05-16T15:38:37","guid":{"rendered":"https:\/\/eldiariodesanpedro.com.ar\/sitio\/?p=73837"},"modified":"2020-05-16T12:38:40","modified_gmt":"2020-05-16T15:38:40","slug":"secuestran-soja-que-un-productor-le-sustrajo-a-otro","status":"publish","type":"post","link":"https:\/\/eldiariodesanpedro.com.ar\/sitio\/secuestran-soja-que-un-productor-le-sustrajo-a-otro\/","title":{"rendered":"Secuestran soja que un productor le sustrajo a otro"},"content":{"rendered":"<!-- VideographyWP Plugin Message: Automatic video embedding prevented by plugin options. -->\n\n<p>El operativo lo encabez\u00f3 la Superintendencia de Seguridad Rural San Pedro e incaut\u00f3 9 mil kilos de soja que un reconocido vecino y productor de la localidad le desfalc\u00f3 a otro el mi\u00e9rcoles por la noche. La causa fue caratulada como \u201cHurto\u201d e interviene la Fiscal Viviana Ramos.<\/p>\n\n\n\n<p>Un verdadero esc\u00e1ndalo se desat\u00f3 en Santa Luc\u00eda una vez que se conocieron detalles de un grave episodio delictivo que involucra a dos reconocidos productores oriundos de esa localidad, y no solo por el hecho en s\u00ed sino tambi\u00e9n por la modalidad del delito y porque la Polic\u00eda lleg\u00f3 a tiempo para sorprender al acusado \u201ccon las manos en la masa\u201d.<\/p>\n\n\n\n<p>Intervino en el hecho una comisi\u00f3n policial perteneciente al CPR San Pedro y Pergamino bajo las \u00f3rdenes del Oficial Inspector Lucas Schechtel.<\/p>\n\n\n\n<p>Sucedi\u00f3 en la noche del mi\u00e9rcoles cuando el personal policial se dirigi\u00f3 al cuartel XVIII donde se encuentra el establecimiento denominado La Oraci\u00f3n, y pr\u00e1cticamente en el ingreso a la localidad, en su intersecci\u00f3n con la Ruta 191, se logr\u00f3 interceptar a un cami\u00f3n que llevaba 9 mil kilos de soja que minutos antes hab\u00edan sido sustra\u00eddos del interior de la propiedad antes nombrada.<\/p>\n\n\n\n<p>El denunciante, un reconocido productor agropecuario de la localidad, alert\u00f3 a la Polic\u00eda sobre la presunta sustracci\u00f3n de soja que \u00e9l mismo hab\u00eda advertido, y fue as\u00ed como al llegar al lugar lograron dar con el veh\u00edculo perteneciente a otro reconocido productor ganadero, oriundo de Santa Luc\u00eda pero que actualmente se domicilia en San Pedro y que hab\u00eda sido el autor del grave delito.<\/p>\n\n\n\n<p>R\u00e1pidamente se incaut\u00f3 la oleaginosa y se aprehendi\u00f3 al sospechoso que fue puesto a disposici\u00f3n de la Fiscal Viviana Ramos que es quien interviene en el delito. La causa fue caratulada como \u201churto\u201d y se investiga la presunta convivencia con otras personas ya que la soja fue trasvasada desde la misma tolva cuando estaba siendo cosechada, seg\u00fan adelantaron fuentes oficiales.\u00a0<\/p>\n\n\n\n<p>Fuente: <a href=\"https:\/\/www.sanpedroinforma.com.ar\/nota\/123292\/interes-general\/secuestran-soja-que-un-productor-le-sustrajo-a-otro.html\">San Pedro Informa<\/a><\/p>\n","protected":false},"excerpt":{"rendered":"<p>El operativo lo encabez\u00f3 la Superintendencia de Seguridad Rural San Pedro e incaut\u00f3 9 mil kilos de soja que un reconocido vecino y productor de la localidad le desfalc\u00f3 a otro el mi\u00e9rcoles por la noche. La causa fue caratulada como \u201cHurto\u201d e interviene la Fiscal Viviana Ramos. Un verdadero esc\u00e1ndalo se desat\u00f3 en Santa [&hellip;]<\/p>\n","protected":false},"author":4,"featured_media":73838,"comment_status":"open","ping_status":"closed","sticky":false,"template":"","format":"standard","meta":{"om_disable_all_campaigns":false,"_jetpack_memberships_contains_paid_content":false,"footnotes":""},"categories":[2,103],"tags":[33,95,680],"class_list":["post-73837","post","type-post","status-publish","format-standard","has-post-thumbnail","hentry","category-locales","category-policiales-locales","tag-locales","tag-policiales","tag-robo"],"aioseo_notices":[],"gutentor_comment":0,"jetpack_featured_media_url":"https:\/\/eldiariodesanpedro.com.ar\/sitio\/wp-content\/uploads\/2020\/05\/000083900.jpg","jetpack_shortlink":"https:\/\/wp.me\/p6RhLt-jcV","jetpack_sharing_enabled":true,"_links":{"self":[{"href":"https:\/\/eldiariodesanpedro.com.ar\/sitio\/wp-json\/wp\/v2\/posts\/73837","targetHints":{"allow":["GET"]}}],"collection":[{"href":"https:\/\/eldiariodesanpedro.com.ar\/sitio\/wp-json\/wp\/v2\/posts"}],"about":[{"href":"https:\/\/eldiariodesanpedro.com.ar\/sitio\/wp-json\/wp\/v2\/types\/post"}],"author":[{"embeddable":true,"href":"https:\/\/eldiariodesanpedro.com.ar\/sitio\/wp-json\/wp\/v2\/users\/4"}],"replies":[{"embeddable":true,"href":"https:\/\/eldiariodesanpedro.com.ar\/sitio\/wp-json\/wp\/v2\/comments?post=73837"}],"version-history":[{"count":1,"href":"https:\/\/eldiariodesanpedro.com.ar\/sitio\/wp-json\/wp\/v2\/posts\/73837\/revisions"}],"predecessor-version":[{"id":73839,"href":"https:\/\/eldiariodesanpedro.com.ar\/sitio\/wp-json\/wp\/v2\/posts\/73837\/revisions\/73839"}],"wp:featuredmedia":[{"embeddable":true,"href":"https:\/\/eldiariodesanpedro.com.ar\/sitio\/wp-json\/wp\/v2\/media\/73838"}],"wp:attachment":[{"href":"https:\/\/eldiariodesanpedro.com.ar\/sitio\/wp-json\/wp\/v2\/media?parent=73837"}],"wp:term":[{"taxonomy":"category","embeddable":true,"href":"https:\/\/eldiariodesanpedro.com.ar\/sitio\/wp-json\/wp\/v2\/categories?post=73837"},{"taxonomy":"post_tag","embeddable":true,"href":"https:\/\/eldiariodesanpedro.com.ar\/sitio\/wp-json\/wp\/v2\/tags?post=73837"}],"curies":[{"name":"wp","href":"https:\/\/api.w.org\/{rel}","templated":true}]}}