{"id":73833,"date":"2020-05-16T12:19:57","date_gmt":"2020-05-16T15:19:57","guid":{"rendered":"https:\/\/eldiariodesanpedro.com.ar\/sitio\/?p=73833"},"modified":"2020-05-16T12:20:01","modified_gmt":"2020-05-16T15:20:01","slug":"gresca-en-el-barrio-hermano-indio-con-un-herido-de-arma-blanca","status":"publish","type":"post","link":"https:\/\/eldiariodesanpedro.com.ar\/sitio\/gresca-en-el-barrio-hermano-indio-con-un-herido-de-arma-blanca\/","title":{"rendered":"Gresca en el barrio Hermano Indio con un herido de arma blanca"},"content":{"rendered":"<!-- VideographyWP Plugin Message: Automatic video embedding prevented by plugin options. -->\n\n<p>&nbsp;En la noche de este viernes pasadas las 23 hs comenz\u00f3 un raid de violencia en el Barrio Hermano Indio donde result\u00f3 lesionada un joven de 17 a\u00f1os, por una confrontaci\u00f3n vecinal.<\/p>\n\n\n\n<p>El hecho ocurri\u00f3 en una vivienda ubicada en calle Balcarce al 1400 donde se debi\u00f3 hacer presente una ambulancia del SAME por un herido de arma blanca que result\u00f3 con el corte de una falange en uno de sus dedos y un corte en el rostro.<\/p>\n\n\n\n<p>Una vez trasladado al nosocomio local fue asistido y luego se da a la fuga sin el alta m\u00e9dica, regresando a la zona donde inicio al conflicto donde nuevamente comenz\u00f3 otra gresca.Nuevamente fue trasladado hacia el nosocomio local donde se constataron nuevas lesiones en zona abdominal lado izquierdo y presentando varios golpes en el rostro, hall\u00e1ndose actualmente internado. El m\u00e9dico policial dictamin\u00f3 heridas car\u00e1cter leve salvo complicaciones.<\/p>\n","protected":false},"excerpt":{"rendered":"<p>&nbsp;En la noche de este viernes pasadas las 23 hs comenz\u00f3 un raid de violencia en el Barrio Hermano Indio donde result\u00f3 lesionada un joven de 17 a\u00f1os, por una confrontaci\u00f3n vecinal. El hecho ocurri\u00f3 en una vivienda ubicada en calle Balcarce al 1400 donde se debi\u00f3 hacer presente una ambulancia del SAME por un [&hellip;]<\/p>\n","protected":false},"author":4,"featured_media":73672,"comment_status":"open","ping_status":"closed","sticky":false,"template":"","format":"standard","meta":{"om_disable_all_campaigns":false,"_jetpack_memberships_contains_paid_content":false,"footnotes":""},"categories":[2,103],"tags":[95,19],"class_list":["post-73833","post","type-post","status-publish","format-standard","has-post-thumbnail","hentry","category-locales","category-policiales-locales","tag-policiales","tag-san-pedro"],"aioseo_notices":[],"gutentor_comment":0,"jetpack_featured_media_url":"https:\/\/eldiariodesanpedro.com.ar\/sitio\/wp-content\/uploads\/2020\/05\/20200513_144625-scaled-e1589642323254.jpg","jetpack_shortlink":"https:\/\/wp.me\/p6RhLt-jcR","jetpack_sharing_enabled":true,"_links":{"self":[{"href":"https:\/\/eldiariodesanpedro.com.ar\/sitio\/wp-json\/wp\/v2\/posts\/73833","targetHints":{"allow":["GET"]}}],"collection":[{"href":"https:\/\/eldiariodesanpedro.com.ar\/sitio\/wp-json\/wp\/v2\/posts"}],"about":[{"href":"https:\/\/eldiariodesanpedro.com.ar\/sitio\/wp-json\/wp\/v2\/types\/post"}],"author":[{"embeddable":true,"href":"https:\/\/eldiariodesanpedro.com.ar\/sitio\/wp-json\/wp\/v2\/users\/4"}],"replies":[{"embeddable":true,"href":"https:\/\/eldiariodesanpedro.com.ar\/sitio\/wp-json\/wp\/v2\/comments?post=73833"}],"version-history":[{"count":1,"href":"https:\/\/eldiariodesanpedro.com.ar\/sitio\/wp-json\/wp\/v2\/posts\/73833\/revisions"}],"predecessor-version":[{"id":73834,"href":"https:\/\/eldiariodesanpedro.com.ar\/sitio\/wp-json\/wp\/v2\/posts\/73833\/revisions\/73834"}],"wp:featuredmedia":[{"embeddable":true,"href":"https:\/\/eldiariodesanpedro.com.ar\/sitio\/wp-json\/wp\/v2\/media\/73672"}],"wp:attachment":[{"href":"https:\/\/eldiariodesanpedro.com.ar\/sitio\/wp-json\/wp\/v2\/media?parent=73833"}],"wp:term":[{"taxonomy":"category","embeddable":true,"href":"https:\/\/eldiariodesanpedro.com.ar\/sitio\/wp-json\/wp\/v2\/categories?post=73833"},{"taxonomy":"post_tag","embeddable":true,"href":"https:\/\/eldiariodesanpedro.com.ar\/sitio\/wp-json\/wp\/v2\/tags?post=73833"}],"curies":[{"name":"wp","href":"https:\/\/api.w.org\/{rel}","templated":true}]}}