{"id":73831,"date":"2020-05-16T12:05:42","date_gmt":"2020-05-16T15:05:42","guid":{"rendered":"https:\/\/eldiariodesanpedro.com.ar\/sitio\/?p=73831"},"modified":"2020-05-16T12:05:46","modified_gmt":"2020-05-16T15:05:46","slug":"robo-de-un-anafe-y-una-garrafa-en-rio-tala","status":"publish","type":"post","link":"https:\/\/eldiariodesanpedro.com.ar\/sitio\/robo-de-un-anafe-y-una-garrafa-en-rio-tala\/","title":{"rendered":"Robo de un anafe y una garrafa en R\u00edo Tala"},"content":{"rendered":"<!-- VideographyWP Plugin Message: Automatic video embedding prevented by plugin options. -->\n\n<p>Esta madrugada de s\u00e1bado el personal policial de nuestra ciudad en un r\u00e1pido accionar tras un llamado al 911 se hace presente en la calle Cabral de la localidad de R\u00edo Tala se aprehende en fuga a un menor de 15 a\u00f1os.<\/p>\n\n\n\n<p>El delincuente menor de edad momentos antes junto a varios sujetos, sustraen garrafa y anafe a un hombre de 67 a\u00f1os en un domicilio ubicado en calle Camelino.<\/p>\n","protected":false},"excerpt":{"rendered":"<p>Esta madrugada de s\u00e1bado el personal policial de nuestra ciudad en un r\u00e1pido accionar tras un llamado al 911 se hace presente en la calle Cabral de la localidad de R\u00edo Tala se aprehende en fuga a un menor de 15 a\u00f1os. El delincuente menor de edad momentos antes junto a varios sujetos, sustraen garrafa [&hellip;]<\/p>\n","protected":false},"author":4,"featured_media":72712,"comment_status":"open","ping_status":"closed","sticky":false,"template":"","format":"standard","meta":{"om_disable_all_campaigns":false,"_jetpack_memberships_contains_paid_content":false,"footnotes":""},"categories":[2,103],"tags":[197,33,881,680,19],"class_list":["post-73831","post","type-post","status-publish","format-standard","has-post-thumbnail","hentry","category-locales","category-policiales-locales","tag-buenos-aires","tag-locales","tag-rio-tala","tag-robo","tag-san-pedro"],"aioseo_notices":[],"gutentor_comment":0,"jetpack_featured_media_url":"https:\/\/eldiariodesanpedro.com.ar\/sitio\/wp-content\/uploads\/2020\/04\/policia.jpg","jetpack_shortlink":"https:\/\/wp.me\/p6RhLt-jcP","jetpack_sharing_enabled":true,"_links":{"self":[{"href":"https:\/\/eldiariodesanpedro.com.ar\/sitio\/wp-json\/wp\/v2\/posts\/73831","targetHints":{"allow":["GET"]}}],"collection":[{"href":"https:\/\/eldiariodesanpedro.com.ar\/sitio\/wp-json\/wp\/v2\/posts"}],"about":[{"href":"https:\/\/eldiariodesanpedro.com.ar\/sitio\/wp-json\/wp\/v2\/types\/post"}],"author":[{"embeddable":true,"href":"https:\/\/eldiariodesanpedro.com.ar\/sitio\/wp-json\/wp\/v2\/users\/4"}],"replies":[{"embeddable":true,"href":"https:\/\/eldiariodesanpedro.com.ar\/sitio\/wp-json\/wp\/v2\/comments?post=73831"}],"version-history":[{"count":1,"href":"https:\/\/eldiariodesanpedro.com.ar\/sitio\/wp-json\/wp\/v2\/posts\/73831\/revisions"}],"predecessor-version":[{"id":73832,"href":"https:\/\/eldiariodesanpedro.com.ar\/sitio\/wp-json\/wp\/v2\/posts\/73831\/revisions\/73832"}],"wp:featuredmedia":[{"embeddable":true,"href":"https:\/\/eldiariodesanpedro.com.ar\/sitio\/wp-json\/wp\/v2\/media\/72712"}],"wp:attachment":[{"href":"https:\/\/eldiariodesanpedro.com.ar\/sitio\/wp-json\/wp\/v2\/media?parent=73831"}],"wp:term":[{"taxonomy":"category","embeddable":true,"href":"https:\/\/eldiariodesanpedro.com.ar\/sitio\/wp-json\/wp\/v2\/categories?post=73831"},{"taxonomy":"post_tag","embeddable":true,"href":"https:\/\/eldiariodesanpedro.com.ar\/sitio\/wp-json\/wp\/v2\/tags?post=73831"}],"curies":[{"name":"wp","href":"https:\/\/api.w.org\/{rel}","templated":true}]}}