{"id":73800,"date":"2020-05-15T11:17:19","date_gmt":"2020-05-15T14:17:19","guid":{"rendered":"https:\/\/eldiariodesanpedro.com.ar\/sitio\/?p=73800"},"modified":"2020-05-15T11:17:20","modified_gmt":"2020-05-15T14:17:20","slug":"dr-marin-estoy-bien-resguardado-en-mi-domicilio","status":"publish","type":"post","link":"https:\/\/eldiariodesanpedro.com.ar\/sitio\/dr-marin-estoy-bien-resguardado-en-mi-domicilio\/","title":{"rendered":"Dr. Mar\u00edn: \u201cEstoy bien, resguardado en mi domicilio\u201d"},"content":{"rendered":"<!-- VideographyWP Plugin Message: Automatic video embedding prevented by plugin options. -->\n\n<p>El m\u00e9dico que dio Covid-19 positivo habl\u00f3 desde su domicilio en donde se encuentra aislado y asegur\u00f3 estar bien y que se respeten las recomendaciones de las autoridades de salud.<\/p>\n\n\n\n<p>Sobre el atardecer del mi\u00e9rcoles las autoridades sanitarias de la ciudad confirmaron el primer caso de Covid-19 positivo en la ciudad.<\/p>\n\n\n\n<p>Si bien quien contrajo el virus se contagi\u00f3 en otra localidad se trata de un profesional que se desempe\u00f1a en toda la regi\u00f3n y tom\u00f3 contacto con sus pacientes en los \u00faltimos d\u00edas.<\/p>\n\n\n\n<p>El doctor Gustavo Mar\u00edn es quien dio positivo y permanece aislado en su domicilio en nuestra ciudad. El profesional se desempe\u00f1a en el \u00e1mbito de la salud de la localidad de La Emilia, en el partido de San Nicol\u00e1s, y presta servicios para Pami en Ramallo, San Pedro y Baradero, m\u00e1s el Cem de Baradero. &nbsp;<\/p>\n\n\n\n<p>Desde este medio se tom\u00f3 contacto telef\u00f3nico con Mar\u00edn quien atendi\u00f3 amablemente y asegur\u00f3 estar bien m\u00e1s all\u00e1 del cuadro diagnosticado. &nbsp;<\/p>\n\n\n\n<p>\u201cEstoy bien, resguardado en mi domicilio\u201d, se\u00f1al\u00f3 el Dr. Mar\u00edn a este medio.<\/p>\n\n\n\n<p>\u201cMi familia tambi\u00e9n est\u00e1 bien y resguardada correctamente en otro domicilio\u201d, resalt\u00f3.<\/p>\n\n\n\n<p>\u201cAgradezco a todos los que se preocuparon y sigan las instrucci\u00f3n de las autoridades de salud que lo est\u00e1n haciendo muy bien\u201d, agreg\u00f3.<\/p>\n\n\n\n<p>Fuente: <a href=\"https:\/\/www.sanpedroinforma.com.ar\/nota\/123289\/sociedad\/dr-marin-estoy-bien-resguardado-en-mi-domicilio.html\">San Pedro Informa<\/a><\/p>\n","protected":false},"excerpt":{"rendered":"<p>El m\u00e9dico que dio Covid-19 positivo habl\u00f3 desde su domicilio en donde se encuentra aislado y asegur\u00f3 estar bien y que se respeten las recomendaciones de las autoridades de salud. Sobre el atardecer del mi\u00e9rcoles las autoridades sanitarias de la ciudad confirmaron el primer caso de Covid-19 positivo en la ciudad. Si bien quien contrajo [&hellip;]<\/p>\n","protected":false},"author":4,"featured_media":73801,"comment_status":"open","ping_status":"closed","sticky":false,"template":"","format":"standard","meta":{"om_disable_all_campaigns":false,"_jetpack_memberships_contains_paid_content":false,"footnotes":""},"categories":[50,101,2],"tags":[197,808,1172,696,33,1145,19],"class_list":["post-73800","post","type-post","status-publish","format-standard","has-post-thumbnail","hentry","category-destacadas","category-interes-general-locales","category-locales","tag-buenos-aires","tag-coronavirus","tag-doctor-marin","tag-interes-general","tag-locales","tag-positivo","tag-san-pedro"],"aioseo_notices":[],"gutentor_comment":1,"jetpack_featured_media_url":"https:\/\/eldiariodesanpedro.com.ar\/sitio\/wp-content\/uploads\/2020\/05\/000083877.jpg","jetpack_shortlink":"https:\/\/wp.me\/p6RhLt-jck","jetpack_sharing_enabled":true,"_links":{"self":[{"href":"https:\/\/eldiariodesanpedro.com.ar\/sitio\/wp-json\/wp\/v2\/posts\/73800","targetHints":{"allow":["GET"]}}],"collection":[{"href":"https:\/\/eldiariodesanpedro.com.ar\/sitio\/wp-json\/wp\/v2\/posts"}],"about":[{"href":"https:\/\/eldiariodesanpedro.com.ar\/sitio\/wp-json\/wp\/v2\/types\/post"}],"author":[{"embeddable":true,"href":"https:\/\/eldiariodesanpedro.com.ar\/sitio\/wp-json\/wp\/v2\/users\/4"}],"replies":[{"embeddable":true,"href":"https:\/\/eldiariodesanpedro.com.ar\/sitio\/wp-json\/wp\/v2\/comments?post=73800"}],"version-history":[{"count":1,"href":"https:\/\/eldiariodesanpedro.com.ar\/sitio\/wp-json\/wp\/v2\/posts\/73800\/revisions"}],"predecessor-version":[{"id":73802,"href":"https:\/\/eldiariodesanpedro.com.ar\/sitio\/wp-json\/wp\/v2\/posts\/73800\/revisions\/73802"}],"wp:featuredmedia":[{"embeddable":true,"href":"https:\/\/eldiariodesanpedro.com.ar\/sitio\/wp-json\/wp\/v2\/media\/73801"}],"wp:attachment":[{"href":"https:\/\/eldiariodesanpedro.com.ar\/sitio\/wp-json\/wp\/v2\/media?parent=73800"}],"wp:term":[{"taxonomy":"category","embeddable":true,"href":"https:\/\/eldiariodesanpedro.com.ar\/sitio\/wp-json\/wp\/v2\/categories?post=73800"},{"taxonomy":"post_tag","embeddable":true,"href":"https:\/\/eldiariodesanpedro.com.ar\/sitio\/wp-json\/wp\/v2\/tags?post=73800"}],"curies":[{"name":"wp","href":"https:\/\/api.w.org\/{rel}","templated":true}]}}