{"id":73728,"date":"2020-05-14T11:55:06","date_gmt":"2020-05-14T14:55:06","guid":{"rendered":"https:\/\/eldiariodesanpedro.com.ar\/sitio\/?p=73728"},"modified":"2020-05-14T12:03:19","modified_gmt":"2020-05-14T15:03:19","slug":"baradero-coronavirus-tres-casos-confirmados-y-la-ciudad-vuelve-a-fase-1","status":"publish","type":"post","link":"https:\/\/eldiariodesanpedro.com.ar\/sitio\/baradero-coronavirus-tres-casos-confirmados-y-la-ciudad-vuelve-a-fase-1\/","title":{"rendered":"BARADERO | Coronavirus: Tres casos confirmados y la ciudad vuelve a Fase 1"},"content":{"rendered":"<!-- VideographyWP Plugin Message: Automatic video embedding prevented by plugin options. -->\n\n<p>El mi\u00e9rcoles por la noche, el intendente municipal Esteban Sanzio inform\u00f3 en el reporte diario oficial que Baradero cuenta con tres personas que dieron positivo de Covid-19.&nbsp;<strong><em>\u201cEstamos trabajando para llegar a todos los v\u00ednculos de los infectados\u201d<\/em><\/strong>&nbsp;comunic\u00f3 el jefe comunal, que tambi\u00e9n dej\u00f3 en claro que retraer\u00e1 todas las habilitaciones decretadas y a partir de este jueves comenzar\u00e1n a regir nuevamente las medidas de prevenci\u00f3n iniciales y el aislamiento social y preventivo vuelve a ser obligatorio.<\/p>\n\n\n\n<p><em>\u201cEl equipo de salud ya est\u00e1 en la b\u00fasqueda de los contactos estrechos que tuvieron las personas de Baradero que dieron positivo. El contacto estrecho se refiere a las personas que tuvieron contacto al menos a un metro y medio de distancia sin protecci\u00f3n entre 15 y 20 minutos. Los casos positivos son tres, dos personas son oriundas de nuestra ciudad, y la otra no, pero atiende en toda la regi\u00f3n\u201d<\/em>&nbsp;explic\u00f3 Sanzio.<\/p>\n\n\n\n<p>Las personas que dieron positivo de Covid-19 son&nbsp;<strong>trabajadores de la salud.<\/strong>&nbsp;A dos de ellos se les realiz\u00f3 el hisopado en Baradero, y la prueba del restante fue realizada en San Pedro.<\/p>\n\n\n\n<p><strong>El intendente, con las recomendaciones de los profesionales de la salud, decidi\u00f3:<\/strong><\/p>\n\n\n\n<p><strong>1<\/strong>.&nbsp;&nbsp;&nbsp;Frenar la actividad municipal y volver a las medidas iniciales. Salvo las tareas que son esenciales: trabajadores de la salud, de servicios p\u00fablicos, de seguridad, y las guardias m\u00ednimas indispensables. Cumplir con estas medidas permitir\u00e1 que quienes desarrollen tareas esenciales lo hagan con mayor seguridad, seriedad y responsabilidad.<\/p>\n\n\n\n<p><strong>2<\/strong>.&nbsp;&nbsp;&nbsp;\u00danicamente los comercios del rubro alimenticios, como supermercados, almacenes y despensas, podr\u00e1n trabajar hasta las 18 horas. Las dem\u00e1s actividades comerciales habilitadas por el Decreto 297\/2020 del 19 de marzo, como es el caso de las ferreter\u00edas, deber\u00e1n abrir de 9 a 13 horas.<\/p>\n\n\n\n<p>El servicio de delivery gastron\u00f3mico podr\u00e1 transitar hasta las 23 horas; y las farmacias podr\u00e1n hacer su labor normalmente.<\/p>\n\n\n\n<p><strong>3<\/strong>.&nbsp;&nbsp;&nbsp;Se postergan las excepciones comerciales, profesionales y de atenci\u00f3n al p\u00fablico y a pacientes. Por lo menos hasta que finalice la b\u00fasqueda de contactos estrechos de los pacientes con resultado positivo y se eval\u00fae su situaci\u00f3n.<\/p>\n\n\n\n<p>Respecto a la actividad municipal, el intendente explic\u00f3 que en la jornada de hoy convocar\u00e1 a las organizaciones gremiales para trabajar en conjunto con los profesionales de la salud&nbsp;<strong><em>\u201ccon todos los protocolos necesarios para cuidar la salud de todos los trabajadores municipales.\u201d&nbsp;<\/em><\/strong>Y explic\u00f3 que, en las primeras horas, se difundir\u00e1n oficialmente las nuevas medidas que -con algunos ajustes- ser\u00e1 como el decreto inicial.<\/p>\n\n\n\n<p><strong>Es importante aclarar que todas las medidas estar\u00e1n vigentes hasta que finalice la b\u00fasqueda de contactos estrechos de los pacientes con resultados positivos. Las medidas son transitorias y se ir\u00e1n evaluando y modificando paulatinamente, con la prioridad puesta en la salud de todas y todos los baraderenses.<\/strong><\/p>\n\n\n\n<p>La infect\u00f3loga Dra. Soledad Gaetano explic\u00f3 que los profesionales de la salud est\u00e1n trabajando al respecto y se han preparado para actuar de la mejor manera a nivel hospitalario y en otros sectores. Y aclar\u00f3 importantes conceptos como los siguientes:<\/p>\n\n\n\n<p><strong>1.<\/strong>&nbsp; Un contacto estrecho es aquellas persona que tiene un contacto cercano con una persona enferma de coronavirus, esto quiere decir que estuvo a un metro y medio o menos sin elementos de protecci\u00f3n y entre 15 y 20 minutos.<\/p>\n\n\n\n<p><strong>2.<\/strong>&nbsp; Un contacto casual es una persona que est\u00e1 en contacto a una distancia menor al metro y medio pero un periodo de tiempo breve, ese contacto no requiere aislamiento.<\/p>\n\n\n\n<p><strong>3.<\/strong>&nbsp;&nbsp;&nbsp;Requieren aislamiento los contactos estrechos que son las personas que en su mayor\u00eda ya hemos detectado y est\u00e1n haciendo el aislamiento.<\/p>\n\n\n\n<p><strong>4.<\/strong>&nbsp; El hisopado detecta una porci\u00f3n del virus que se encuentra en nuestras v\u00edas respiratorias. Las personas que tienen s\u00edntomas tienen mayor posibilidad de que se detecte el virus. Las personas que no tienen s\u00edntomas tienen bajas posibilidades de detectar el virus. Por lo cual, la \u00fanica persona que tiene criterio de hisopado son las que tienen s\u00edntomas.<\/p>\n\n\n\n<p><strong>S\u00edntomas<\/strong><br>\u2022&nbsp;&nbsp;&nbsp;&nbsp;Temperatura corporal igual o mayor a 37.5 (fiebre)<br>\u2022&nbsp;&nbsp;&nbsp;&nbsp;Dolor de garganta<br>\u2022&nbsp;&nbsp;&nbsp;&nbsp;Tos<br>\u2022&nbsp;&nbsp;&nbsp;&nbsp;P\u00e9rdida de olfato y gusto<br>\u2022&nbsp;&nbsp;&nbsp;&nbsp;Dificultad para respirar<\/p>\n\n\n\n<p>Si tienen algunos de estos s\u00edntomas, podr\u00e1n consultar a la&nbsp;<strong>l\u00ednea telef\u00f3nica Covid-19 (03329)-403259 y (03329)-409023<\/strong>&nbsp;para recibir asesoramiento y sean evaluados adecuadamente.<\/p>\n\n\n\n<p>Fuente: <a href=\"https:\/\/www.baraderoteinforma.com.ar\/el-intendente-informo-que-hay-tres-personas-con-covid-19-confirmadas-y-se-extremaran-las-medidas-preventivas\/\">Baradero Te Informa<\/a><\/p>\n","protected":false},"excerpt":{"rendered":"<p>El mi\u00e9rcoles por la noche, el intendente municipal Esteban Sanzio inform\u00f3 en el reporte diario oficial que Baradero cuenta con tres personas que dieron positivo de Covid-19.&nbsp;\u201cEstamos trabajando para llegar a todos los v\u00ednculos de los infectados\u201d&nbsp;comunic\u00f3 el jefe comunal, que tambi\u00e9n dej\u00f3 en claro que retraer\u00e1 todas las habilitaciones decretadas y a partir de [&hellip;]<\/p>\n","protected":false},"author":4,"featured_media":73729,"comment_status":"open","ping_status":"closed","sticky":false,"template":"","format":"standard","meta":{"om_disable_all_campaigns":false,"_jetpack_memberships_contains_paid_content":false,"footnotes":""},"categories":[621],"tags":[139,810,1156,696],"class_list":["post-73728","post","type-post","status-publish","format-standard","has-post-thumbnail","hentry","category-regionales","tag-baradero","tag-casos-positivos","tag-fase-1","tag-interes-general"],"aioseo_notices":[],"gutentor_comment":0,"jetpack_featured_media_url":"https:\/\/eldiariodesanpedro.com.ar\/sitio\/wp-content\/uploads\/2020\/05\/2020-05-14-2.jpg","jetpack_shortlink":"https:\/\/wp.me\/p6RhLt-jba","jetpack_sharing_enabled":true,"_links":{"self":[{"href":"https:\/\/eldiariodesanpedro.com.ar\/sitio\/wp-json\/wp\/v2\/posts\/73728","targetHints":{"allow":["GET"]}}],"collection":[{"href":"https:\/\/eldiariodesanpedro.com.ar\/sitio\/wp-json\/wp\/v2\/posts"}],"about":[{"href":"https:\/\/eldiariodesanpedro.com.ar\/sitio\/wp-json\/wp\/v2\/types\/post"}],"author":[{"embeddable":true,"href":"https:\/\/eldiariodesanpedro.com.ar\/sitio\/wp-json\/wp\/v2\/users\/4"}],"replies":[{"embeddable":true,"href":"https:\/\/eldiariodesanpedro.com.ar\/sitio\/wp-json\/wp\/v2\/comments?post=73728"}],"version-history":[{"count":2,"href":"https:\/\/eldiariodesanpedro.com.ar\/sitio\/wp-json\/wp\/v2\/posts\/73728\/revisions"}],"predecessor-version":[{"id":73737,"href":"https:\/\/eldiariodesanpedro.com.ar\/sitio\/wp-json\/wp\/v2\/posts\/73728\/revisions\/73737"}],"wp:featuredmedia":[{"embeddable":true,"href":"https:\/\/eldiariodesanpedro.com.ar\/sitio\/wp-json\/wp\/v2\/media\/73729"}],"wp:attachment":[{"href":"https:\/\/eldiariodesanpedro.com.ar\/sitio\/wp-json\/wp\/v2\/media?parent=73728"}],"wp:term":[{"taxonomy":"category","embeddable":true,"href":"https:\/\/eldiariodesanpedro.com.ar\/sitio\/wp-json\/wp\/v2\/categories?post=73728"},{"taxonomy":"post_tag","embeddable":true,"href":"https:\/\/eldiariodesanpedro.com.ar\/sitio\/wp-json\/wp\/v2\/tags?post=73728"}],"curies":[{"name":"wp","href":"https:\/\/api.w.org\/{rel}","templated":true}]}}