{"id":73719,"date":"2020-05-14T11:11:43","date_gmt":"2020-05-14T14:11:43","guid":{"rendered":"https:\/\/eldiariodesanpedro.com.ar\/sitio\/?p=73719"},"modified":"2020-05-14T11:11:47","modified_gmt":"2020-05-14T14:11:47","slug":"denuncia-por-incendio-intencional-en-el-jardin-belen","status":"publish","type":"post","link":"https:\/\/eldiariodesanpedro.com.ar\/sitio\/denuncia-por-incendio-intencional-en-el-jardin-belen\/","title":{"rendered":"Denuncia por incendio intencional en el Jard\u00edn Bel\u00e9n"},"content":{"rendered":"<!-- VideographyWP Plugin Message: Automatic video embedding prevented by plugin options. -->\n\n<p>&nbsp;Este mi\u00e9rcoles por la noche se hace presente un m\u00f3vil policial en el establecimiento Jard\u00edn Privado Bel\u00e9n ubicado en calle Ansaloni al 1100 donde alertados por una mujer de 52 a\u00f1os de edad&nbsp; quien resulta ser la directora del establecimiento, denuncia que autores ignorado prenden fuego ramas acumuladas en la vereda causando un incendio que da\u00f1a la pared del jard\u00edn.<\/p>\n\n\n\n<p>Por lo que se acero a la comisar\u00eda local y realiz\u00f3 la correspondiente denuncia.<\/p>\n\n\n\n<p><\/p>\n","protected":false},"excerpt":{"rendered":"<p>&nbsp;Este mi\u00e9rcoles por la noche se hace presente un m\u00f3vil policial en el establecimiento Jard\u00edn Privado Bel\u00e9n ubicado en calle Ansaloni al 1100 donde alertados por una mujer de 52 a\u00f1os de edad&nbsp; quien resulta ser la directora del establecimiento, denuncia que autores ignorado prenden fuego ramas acumuladas en la vereda causando un incendio que [&hellip;]<\/p>\n","protected":false},"author":4,"featured_media":73720,"comment_status":"open","ping_status":"closed","sticky":false,"template":"","format":"standard","meta":{"om_disable_all_campaigns":false,"_jetpack_memberships_contains_paid_content":false,"footnotes":""},"categories":[2,103],"tags":[39,562,1151,95],"class_list":["post-73719","post","type-post","status-publish","format-standard","has-post-thumbnail","hentry","category-locales","category-policiales-locales","tag-denuncia","tag-incendio","tag-jardin-belen","tag-policiales"],"aioseo_notices":[],"gutentor_comment":0,"jetpack_featured_media_url":"https:\/\/eldiariodesanpedro.com.ar\/sitio\/wp-content\/uploads\/2020\/05\/2020-05-14.jpg","jetpack_shortlink":"https:\/\/wp.me\/p6RhLt-jb1","jetpack_sharing_enabled":true,"_links":{"self":[{"href":"https:\/\/eldiariodesanpedro.com.ar\/sitio\/wp-json\/wp\/v2\/posts\/73719","targetHints":{"allow":["GET"]}}],"collection":[{"href":"https:\/\/eldiariodesanpedro.com.ar\/sitio\/wp-json\/wp\/v2\/posts"}],"about":[{"href":"https:\/\/eldiariodesanpedro.com.ar\/sitio\/wp-json\/wp\/v2\/types\/post"}],"author":[{"embeddable":true,"href":"https:\/\/eldiariodesanpedro.com.ar\/sitio\/wp-json\/wp\/v2\/users\/4"}],"replies":[{"embeddable":true,"href":"https:\/\/eldiariodesanpedro.com.ar\/sitio\/wp-json\/wp\/v2\/comments?post=73719"}],"version-history":[{"count":1,"href":"https:\/\/eldiariodesanpedro.com.ar\/sitio\/wp-json\/wp\/v2\/posts\/73719\/revisions"}],"predecessor-version":[{"id":73721,"href":"https:\/\/eldiariodesanpedro.com.ar\/sitio\/wp-json\/wp\/v2\/posts\/73719\/revisions\/73721"}],"wp:featuredmedia":[{"embeddable":true,"href":"https:\/\/eldiariodesanpedro.com.ar\/sitio\/wp-json\/wp\/v2\/media\/73720"}],"wp:attachment":[{"href":"https:\/\/eldiariodesanpedro.com.ar\/sitio\/wp-json\/wp\/v2\/media?parent=73719"}],"wp:term":[{"taxonomy":"category","embeddable":true,"href":"https:\/\/eldiariodesanpedro.com.ar\/sitio\/wp-json\/wp\/v2\/categories?post=73719"},{"taxonomy":"post_tag","embeddable":true,"href":"https:\/\/eldiariodesanpedro.com.ar\/sitio\/wp-json\/wp\/v2\/tags?post=73719"}],"curies":[{"name":"wp","href":"https:\/\/api.w.org\/{rel}","templated":true}]}}