{"id":73688,"date":"2020-05-13T18:01:41","date_gmt":"2020-05-13T21:01:41","guid":{"rendered":"https:\/\/eldiariodesanpedro.com.ar\/sitio\/?p=73688"},"modified":"2020-05-13T18:01:45","modified_gmt":"2020-05-13T21:01:45","slug":"se-envio-una-nueva-muestra-sospechosa-de-coronavirus","status":"publish","type":"post","link":"https:\/\/eldiariodesanpedro.com.ar\/sitio\/se-envio-una-nueva-muestra-sospechosa-de-coronavirus\/","title":{"rendered":"Se envi\u00f3 una nueva muestra sospechosa de coronavirus"},"content":{"rendered":"<!-- VideographyWP Plugin Message: Automatic video embedding prevented by plugin options. -->\n\n<p>Se env\u00edo una nueva muestra perteneciente a una mujer de 37 a\u00f1os.<\/p>\n\n\n\n<p>La Secretar\u00eda de Salud de la Municipalidad de San Pedro informa las novedades locales relacionadas con el seguimiento de la Pandemia de Coronavirus:<\/p>\n\n\n\n<p>Positivos COVID-19: 0<br>Muestras Pendientes: 1<\/p>\n\n\n\n<p>Muestras negativas: 74<br>Total enviadas: 75<\/p>\n\n\n\n<p>Aislados preventivos por viaje al exterior: 6<br>(Actualizado por Direcci\u00f3n Nacional de Migraciones al 13\/05 y registros locales de la Secretar\u00eda de Seguridad)<\/p>\n\n\n\n<p>Estad\u00edsticas de la Secretar\u00eda de Seguridad al 13\/05\/2020<br>Ciudadanos puestos a disposici\u00f3n del Juzgado Federal por infracci\u00f3n al ASPO: 659<br>Autos Retenidos: 3<br>Motos Retenidas: 21<\/p>\n\n\n\n<p>Se recuerda que, ante s\u00edntomas de tos seca, fiebre y dolor de garganta y la probabilidad de haber estado en contacto con enfermos o viajeros llegados desde las zonas transmisi\u00f3n local o comunitaria se puede llamar al 148 o 107.<\/p>\n","protected":false},"excerpt":{"rendered":"<p>Se env\u00edo una nueva muestra perteneciente a una mujer de 37 a\u00f1os. La Secretar\u00eda de Salud de la Municipalidad de San Pedro informa las novedades locales relacionadas con el seguimiento de la Pandemia de Coronavirus: Positivos COVID-19: 0Muestras Pendientes: 1 Muestras negativas: 74Total enviadas: 75 Aislados preventivos por viaje al exterior: 6(Actualizado por Direcci\u00f3n Nacional [&hellip;]<\/p>\n","protected":false},"author":4,"featured_media":72544,"comment_status":"open","ping_status":"closed","sticky":false,"template":"","format":"standard","meta":{"om_disable_all_campaigns":false,"_jetpack_memberships_contains_paid_content":false,"footnotes":""},"categories":[101,2],"tags":[197,1140,1097],"class_list":["post-73688","post","type-post","status-publish","format-standard","has-post-thumbnail","hentry","category-interes-general-locales","category-locales","tag-buenos-aires","tag-interes-genera","tag-nuevas-muestras"],"aioseo_notices":[],"gutentor_comment":0,"jetpack_featured_media_url":"https:\/\/eldiariodesanpedro.com.ar\/sitio\/wp-content\/uploads\/2020\/04\/Coronavirus-analisis-703x510-1.jpg","jetpack_shortlink":"https:\/\/wp.me\/p6RhLt-jaw","jetpack_sharing_enabled":true,"_links":{"self":[{"href":"https:\/\/eldiariodesanpedro.com.ar\/sitio\/wp-json\/wp\/v2\/posts\/73688","targetHints":{"allow":["GET"]}}],"collection":[{"href":"https:\/\/eldiariodesanpedro.com.ar\/sitio\/wp-json\/wp\/v2\/posts"}],"about":[{"href":"https:\/\/eldiariodesanpedro.com.ar\/sitio\/wp-json\/wp\/v2\/types\/post"}],"author":[{"embeddable":true,"href":"https:\/\/eldiariodesanpedro.com.ar\/sitio\/wp-json\/wp\/v2\/users\/4"}],"replies":[{"embeddable":true,"href":"https:\/\/eldiariodesanpedro.com.ar\/sitio\/wp-json\/wp\/v2\/comments?post=73688"}],"version-history":[{"count":1,"href":"https:\/\/eldiariodesanpedro.com.ar\/sitio\/wp-json\/wp\/v2\/posts\/73688\/revisions"}],"predecessor-version":[{"id":73689,"href":"https:\/\/eldiariodesanpedro.com.ar\/sitio\/wp-json\/wp\/v2\/posts\/73688\/revisions\/73689"}],"wp:featuredmedia":[{"embeddable":true,"href":"https:\/\/eldiariodesanpedro.com.ar\/sitio\/wp-json\/wp\/v2\/media\/72544"}],"wp:attachment":[{"href":"https:\/\/eldiariodesanpedro.com.ar\/sitio\/wp-json\/wp\/v2\/media?parent=73688"}],"wp:term":[{"taxonomy":"category","embeddable":true,"href":"https:\/\/eldiariodesanpedro.com.ar\/sitio\/wp-json\/wp\/v2\/categories?post=73688"},{"taxonomy":"post_tag","embeddable":true,"href":"https:\/\/eldiariodesanpedro.com.ar\/sitio\/wp-json\/wp\/v2\/tags?post=73688"}],"curies":[{"name":"wp","href":"https:\/\/api.w.org\/{rel}","templated":true}]}}