{"id":73685,"date":"2020-05-13T17:05:59","date_gmt":"2020-05-13T20:05:59","guid":{"rendered":"https:\/\/eldiariodesanpedro.com.ar\/sitio\/?p=73685"},"modified":"2020-05-13T17:06:03","modified_gmt":"2020-05-13T20:06:03","slug":"un-intento-de-estafa-telefonica-en-castro-que-fue-grabado","status":"publish","type":"post","link":"https:\/\/eldiariodesanpedro.com.ar\/sitio\/un-intento-de-estafa-telefonica-en-castro-que-fue-grabado\/","title":{"rendered":"Un intento de estafa telef\u00f3nica en Castro que fue grabado"},"content":{"rendered":"<!-- VideographyWP Plugin Message: Automatic video embedding prevented by plugin options. -->\n\n<p>En la jornada de este martes un vecino de la localidad de Gobernador Castro recibi\u00f3 un llamado por parte de un inescrupuloso que se hac\u00eda pasar como personal de ANSES ofreciendo cobrar el bono de 10 mil pesos del IFE.<\/p>\n\n\n\n<p>En la vecina localidad este joven que ya sab\u00eda que no pod\u00eda recibir el bono de emergencia otorgado por el gobierno decidi\u00f3 grabar el llamado de una persona quien dec\u00eda ofrecer el otorgamiento del dinero.<\/p>\n\n\n\n<p>Bruno al darse cuenta que se trataba de una estafa decidi\u00f3 grabar la llamada y continuar con la mentira, para determinar la manera que tienen estas personas de realizar la estafa.<\/p>\n\n\n\n<p>Las directivas se interrumpen cuando el joven le dice que en la localidad no hay cajeros y adem\u00e1s paro de colectivos.<\/p>\n\n\n\n<p>recordemos que ANSES no realiza llamados telef\u00f3nicos para ofrecer el IFE, solo se gestiona a trav\u00e9s de su pagina web.<\/p>\n\n\n\n<figure class=\"wp-block-embed-facebook wp-block-embed is-type-rich is-provider-facebook\"><div class=\"wp-block-embed__wrapper\">\n<div class=\"fb-post\" data-href=\"https:\/\/www.facebook.com\/eldiario.desanpedro\/posts\/1278733802335756\" data-width=\"552\" style=\"background-color: #fff; display: inline-block;\"><\/div>\n<\/div><\/figure>\n","protected":false},"excerpt":{"rendered":"<p>En la jornada de este martes un vecino de la localidad de Gobernador Castro recibi\u00f3 un llamado por parte de un inescrupuloso que se hac\u00eda pasar como personal de ANSES ofreciendo cobrar el bono de 10 mil pesos del IFE. En la vecina localidad este joven que ya sab\u00eda que no pod\u00eda recibir el bono [&hellip;]<\/p>\n","protected":false},"author":4,"featured_media":73686,"comment_status":"open","ping_status":"closed","sticky":false,"template":"","format":"standard","meta":{"om_disable_all_campaigns":false,"_jetpack_memberships_contains_paid_content":false,"footnotes":""},"categories":[101,2],"tags":[602,33,19,1139],"class_list":["post-73685","post","type-post","status-publish","format-standard","has-post-thumbnail","hentry","category-interes-general-locales","category-locales","tag-anses","tag-locales","tag-san-pedro","tag-telefono"],"aioseo_notices":[],"gutentor_comment":0,"jetpack_featured_media_url":"https:\/\/eldiariodesanpedro.com.ar\/sitio\/wp-content\/uploads\/2020\/05\/1582710835_879164_1582710904_noticia_normal.jpg","jetpack_shortlink":"https:\/\/wp.me\/p6RhLt-jat","jetpack_sharing_enabled":true,"_links":{"self":[{"href":"https:\/\/eldiariodesanpedro.com.ar\/sitio\/wp-json\/wp\/v2\/posts\/73685","targetHints":{"allow":["GET"]}}],"collection":[{"href":"https:\/\/eldiariodesanpedro.com.ar\/sitio\/wp-json\/wp\/v2\/posts"}],"about":[{"href":"https:\/\/eldiariodesanpedro.com.ar\/sitio\/wp-json\/wp\/v2\/types\/post"}],"author":[{"embeddable":true,"href":"https:\/\/eldiariodesanpedro.com.ar\/sitio\/wp-json\/wp\/v2\/users\/4"}],"replies":[{"embeddable":true,"href":"https:\/\/eldiariodesanpedro.com.ar\/sitio\/wp-json\/wp\/v2\/comments?post=73685"}],"version-history":[{"count":1,"href":"https:\/\/eldiariodesanpedro.com.ar\/sitio\/wp-json\/wp\/v2\/posts\/73685\/revisions"}],"predecessor-version":[{"id":73687,"href":"https:\/\/eldiariodesanpedro.com.ar\/sitio\/wp-json\/wp\/v2\/posts\/73685\/revisions\/73687"}],"wp:featuredmedia":[{"embeddable":true,"href":"https:\/\/eldiariodesanpedro.com.ar\/sitio\/wp-json\/wp\/v2\/media\/73686"}],"wp:attachment":[{"href":"https:\/\/eldiariodesanpedro.com.ar\/sitio\/wp-json\/wp\/v2\/media?parent=73685"}],"wp:term":[{"taxonomy":"category","embeddable":true,"href":"https:\/\/eldiariodesanpedro.com.ar\/sitio\/wp-json\/wp\/v2\/categories?post=73685"},{"taxonomy":"post_tag","embeddable":true,"href":"https:\/\/eldiariodesanpedro.com.ar\/sitio\/wp-json\/wp\/v2\/tags?post=73685"}],"curies":[{"name":"wp","href":"https:\/\/api.w.org\/{rel}","templated":true}]}}