{"id":73584,"date":"2020-05-12T17:27:27","date_gmt":"2020-05-12T20:27:27","guid":{"rendered":"https:\/\/eldiariodesanpedro.com.ar\/sitio\/?p=73584"},"modified":"2020-05-12T19:39:19","modified_gmt":"2020-05-12T22:39:19","slug":"edicto-sucesion-ruggerini-maria-del-carmen-y-barcelo-eldo-jaime","status":"publish","type":"post","link":"https:\/\/eldiariodesanpedro.com.ar\/sitio\/edicto-sucesion-ruggerini-maria-del-carmen-y-barcelo-eldo-jaime\/","title":{"rendered":"EDICTO SUCESI\u00d3N RUGGERINI MARIA DEL CARMEN  Y BARCELO ELDO JAIME"},"content":{"rendered":"<!-- VideographyWP Plugin Message: Automatic video embedding prevented by plugin options. -->\n\n<p>El Juzgado de Paz Letrado de San pedro , Secretaria \u00danica Departamento Judicial de San Nicol\u00e1s , cita y emplaza por treinta d\u00edas a herederos y acreedores de&nbsp;RUGGERINI MARIA DEL CARMEN &nbsp;Y BARCELO ELDO JAIME . San Pedro 03 de Marzod e 2020.<\/p>\n\n\n\n<p>DR. FACUNDO VELLON&nbsp;<br>ABOGADO SECRETARIO&nbsp;<\/p>\n\n\n<a href=\"https:\/\/eldiariodesanpedro.com.ar\/sitio\/wp-content\/uploads\/2020\/05\/Ruggerini.pdf\" class=\"pdfemb-viewer\" style=\"\" data-width=\"max\" data-height=\"max\" data-toolbar=\"bottom\" data-toolbar-fixed=\"off\">Ruggerini<\/a>\n<p class=\"wp-block-pdfemb-pdf-embedder-viewer\"><\/p>\n","protected":false},"excerpt":{"rendered":"<p>El Juzgado de Paz Letrado de San pedro , Secretaria \u00danica Departamento Judicial de San Nicol\u00e1s , cita y emplaza por treinta d\u00edas a herederos y acreedores de&nbsp;RUGGERINI MARIA DEL CARMEN &nbsp;Y BARCELO ELDO JAIME . San Pedro 03 de Marzod e 2020. DR. FACUNDO VELLON&nbsp;ABOGADO SECRETARIO&nbsp;<\/p>\n","protected":false},"author":4,"featured_media":73601,"comment_status":"open","ping_status":"closed","sticky":false,"template":"","format":"standard","meta":{"om_disable_all_campaigns":false,"_jetpack_memberships_contains_paid_content":false,"footnotes":""},"categories":[676,677],"tags":[1123],"class_list":["post-73584","post","type-post","status-publish","format-standard","has-post-thumbnail","hentry","category-edictos","category-edictos-sucesorios","tag-edicto-sucesion"],"aioseo_notices":[],"gutentor_comment":0,"jetpack_featured_media_url":"https:\/\/eldiariodesanpedro.com.ar\/sitio\/wp-content\/uploads\/2020\/05\/Edictos-4-1.jpg","jetpack_shortlink":"https:\/\/wp.me\/p6RhLt-j8Q","jetpack_sharing_enabled":true,"_links":{"self":[{"href":"https:\/\/eldiariodesanpedro.com.ar\/sitio\/wp-json\/wp\/v2\/posts\/73584","targetHints":{"allow":["GET"]}}],"collection":[{"href":"https:\/\/eldiariodesanpedro.com.ar\/sitio\/wp-json\/wp\/v2\/posts"}],"about":[{"href":"https:\/\/eldiariodesanpedro.com.ar\/sitio\/wp-json\/wp\/v2\/types\/post"}],"author":[{"embeddable":true,"href":"https:\/\/eldiariodesanpedro.com.ar\/sitio\/wp-json\/wp\/v2\/users\/4"}],"replies":[{"embeddable":true,"href":"https:\/\/eldiariodesanpedro.com.ar\/sitio\/wp-json\/wp\/v2\/comments?post=73584"}],"version-history":[{"count":3,"href":"https:\/\/eldiariodesanpedro.com.ar\/sitio\/wp-json\/wp\/v2\/posts\/73584\/revisions"}],"predecessor-version":[{"id":73612,"href":"https:\/\/eldiariodesanpedro.com.ar\/sitio\/wp-json\/wp\/v2\/posts\/73584\/revisions\/73612"}],"wp:featuredmedia":[{"embeddable":true,"href":"https:\/\/eldiariodesanpedro.com.ar\/sitio\/wp-json\/wp\/v2\/media\/73601"}],"wp:attachment":[{"href":"https:\/\/eldiariodesanpedro.com.ar\/sitio\/wp-json\/wp\/v2\/media?parent=73584"}],"wp:term":[{"taxonomy":"category","embeddable":true,"href":"https:\/\/eldiariodesanpedro.com.ar\/sitio\/wp-json\/wp\/v2\/categories?post=73584"},{"taxonomy":"post_tag","embeddable":true,"href":"https:\/\/eldiariodesanpedro.com.ar\/sitio\/wp-json\/wp\/v2\/tags?post=73584"}],"curies":[{"name":"wp","href":"https:\/\/api.w.org\/{rel}","templated":true}]}}