{"id":73582,"date":"2020-05-12T17:25:46","date_gmt":"2020-05-12T20:25:46","guid":{"rendered":"https:\/\/eldiariodesanpedro.com.ar\/sitio\/?p=73582"},"modified":"2020-05-12T19:35:33","modified_gmt":"2020-05-12T22:35:33","slug":"edicto-sucesion-yuzsczeczyn-jorgelina-ester","status":"publish","type":"post","link":"https:\/\/eldiariodesanpedro.com.ar\/sitio\/edicto-sucesion-yuzsczeczyn-jorgelina-ester\/","title":{"rendered":"EDICTO SUCESION YUZSCZECZYN JORGELINA ESTER"},"content":{"rendered":"<!-- VideographyWP Plugin Message: Automatic video embedding prevented by plugin options. -->\n\n<p>El Juzgado de Paz , Letrado de Baradero, Secretaria \u00danica Departamento Judicial de San Nicol\u00e1s , cita y emplaza por treinta d\u00edas a herederos y acreedores de&nbsp;&nbsp;YUZSCZECZYN JORGELINA ESTER. Baradero, 2 de Marzo de 2020.<\/p>\n\n\n\n<p>ESTEBAN O. PERUSINA<br>ABOGADO SECRETARIO<\/p>\n\n\n<a href=\"https:\/\/eldiariodesanpedro.com.ar\/sitio\/wp-content\/uploads\/2020\/05\/Yuz.pdf\" class=\"pdfemb-viewer\" style=\"\" data-width=\"max\" data-height=\"max\" data-toolbar=\"bottom\" data-toolbar-fixed=\"off\">Yuz<\/a>\n<p class=\"wp-block-pdfemb-pdf-embedder-viewer\"><\/p>\n","protected":false},"excerpt":{"rendered":"<p>El Juzgado de Paz , Letrado de Baradero, Secretaria \u00danica Departamento Judicial de San Nicol\u00e1s , cita y emplaza por treinta d\u00edas a herederos y acreedores de&nbsp;&nbsp;YUZSCZECZYN JORGELINA ESTER. Baradero, 2 de Marzo de 2020. ESTEBAN O. PERUSINAABOGADO SECRETARIO<\/p>\n","protected":false},"author":4,"featured_media":73601,"comment_status":"open","ping_status":"closed","sticky":false,"template":"","format":"standard","meta":{"om_disable_all_campaigns":false,"_jetpack_memberships_contains_paid_content":false,"footnotes":""},"categories":[676,677],"tags":[],"class_list":["post-73582","post","type-post","status-publish","format-standard","has-post-thumbnail","hentry","category-edictos","category-edictos-sucesorios"],"aioseo_notices":[],"gutentor_comment":0,"jetpack_featured_media_url":"https:\/\/eldiariodesanpedro.com.ar\/sitio\/wp-content\/uploads\/2020\/05\/Edictos-4-1.jpg","jetpack_shortlink":"https:\/\/wp.me\/p6RhLt-j8O","jetpack_sharing_enabled":true,"_links":{"self":[{"href":"https:\/\/eldiariodesanpedro.com.ar\/sitio\/wp-json\/wp\/v2\/posts\/73582","targetHints":{"allow":["GET"]}}],"collection":[{"href":"https:\/\/eldiariodesanpedro.com.ar\/sitio\/wp-json\/wp\/v2\/posts"}],"about":[{"href":"https:\/\/eldiariodesanpedro.com.ar\/sitio\/wp-json\/wp\/v2\/types\/post"}],"author":[{"embeddable":true,"href":"https:\/\/eldiariodesanpedro.com.ar\/sitio\/wp-json\/wp\/v2\/users\/4"}],"replies":[{"embeddable":true,"href":"https:\/\/eldiariodesanpedro.com.ar\/sitio\/wp-json\/wp\/v2\/comments?post=73582"}],"version-history":[{"count":3,"href":"https:\/\/eldiariodesanpedro.com.ar\/sitio\/wp-json\/wp\/v2\/posts\/73582\/revisions"}],"predecessor-version":[{"id":73609,"href":"https:\/\/eldiariodesanpedro.com.ar\/sitio\/wp-json\/wp\/v2\/posts\/73582\/revisions\/73609"}],"wp:featuredmedia":[{"embeddable":true,"href":"https:\/\/eldiariodesanpedro.com.ar\/sitio\/wp-json\/wp\/v2\/media\/73601"}],"wp:attachment":[{"href":"https:\/\/eldiariodesanpedro.com.ar\/sitio\/wp-json\/wp\/v2\/media?parent=73582"}],"wp:term":[{"taxonomy":"category","embeddable":true,"href":"https:\/\/eldiariodesanpedro.com.ar\/sitio\/wp-json\/wp\/v2\/categories?post=73582"},{"taxonomy":"post_tag","embeddable":true,"href":"https:\/\/eldiariodesanpedro.com.ar\/sitio\/wp-json\/wp\/v2\/tags?post=73582"}],"curies":[{"name":"wp","href":"https:\/\/api.w.org\/{rel}","templated":true}]}}