{"id":73577,"date":"2020-05-12T17:05:47","date_gmt":"2020-05-12T20:05:47","guid":{"rendered":"https:\/\/eldiariodesanpedro.com.ar\/sitio\/?p=73577"},"modified":"2020-05-12T17:05:50","modified_gmt":"2020-05-12T20:05:50","slug":"campana-pediran-exceptuar-la-ciudad-del-amba","status":"publish","type":"post","link":"https:\/\/eldiariodesanpedro.com.ar\/sitio\/campana-pediran-exceptuar-la-ciudad-del-amba\/","title":{"rendered":"CAMPANA | Pedir\u00e1n exceptuar la ciudad del AMBA"},"content":{"rendered":"<!-- VideographyWP Plugin Message: Automatic video embedding prevented by plugin options. -->\n\n<p>El intendente Abella solicitar\u00e1 al gobierno nacional que Campana sea exceptuada en lo que respecta al aislamiento con el objetivo de que se apruebe la apertura de nuevas actividades productivas, comerciales y recreativas.\u00a0<\/p>\n\n\n\n<p>El intendente Sebasti\u00e1n Abella pedir\u00e1 a Naci\u00f3n que Campana<a href=\"https:\/\/campananoticias.com\/noticia_amp.php?id=60771\" target=\"_blank\" rel=\"noreferrer noopener\">&nbsp;sea exceptuada de la permanencia en la tercera fase del aislamiento social, preventivo y obligatorio<\/a>&nbsp;decretado para contener el coronavirus con el fin de avanzar hacia la apertura de nuevas actividades.<\/p>\n\n\n\n<p>Seg\u00fan explic\u00f3 el Municipio \u201ctanto el decreto 408, c\u00f3mo en el 459 (publicado ayer), del presidente Alberto Fern\u00e1ndez, nuestra ciudad fue incluida como parte del \u00c1rea Metropolitana de Buenos Aires (AMBA), lo que reduce las posibilidades de autorizar nuevas actividades productivas, comerciales y recreativas, tal como viene solicitando el intendente Sebasti\u00e1n Abella\u201d.<\/p>\n\n\n\n<p>El AMBA es la zona urbana com\u00fan que conforman la Ciudad de Buenos Aires, y 40 municipios bonaerenses: Almirante Brown, Avellaneda, Berazategui, Berisso, Brandsen, Campana, Ca\u00f1uelas, Ensenada, Escobar, Esteban Echeverr\u00eda, Exaltaci\u00f3n de la Cruz, Ezeiza, Florencio Varela, General Las Heras, General Rodr\u00edguez, General San Mart\u00edn, Hurlingham, Ituzaing\u00f3, Jos\u00e9 C. Paz, La Matanza, Lan\u00fas, La Plata, Lomas de Zamora, Luj\u00e1n, Marcos Paz, Malvinas Argentinas, Moreno, Merlo, Mor\u00f3n, Pilar, Presidente Per\u00f3n, Quilmes, San Fernando, San Isidro, San Miguel, San Vicente, Tigre, Tres de Febrero, Vicente L\u00f3pez y Z\u00e1rate.<\/p>\n\n\n\n<p>Estos 41 distritos deber\u00e1n seguir en la fase 3 del aislamiento, y esto implica que el gobernador de la Provincia de Buenos Aires deber\u00e1 solicitar al jefe de Gabinete de Ministros, en su car\u00e1cter de Coordinador de la \u00abUnidad de Coordinaci\u00f3n General del Plan Integral para la Prevenci\u00f3n de Eventos de Salud P\u00fablica de Importancia Internacional\u00bb, que autorice nuevas excepciones al cumplimiento del \u00abaislamiento social, preventivo y obligatorio\u00bb y a la prohibici\u00f3n de circular con el fin de permitir la realizaci\u00f3n de actividades industriales, de servicios o comerciales.<\/p>\n\n\n\n<p>\u00abPara ello, deber\u00e1n contar con la aprobaci\u00f3n previa de la autoridad sanitaria provincial, e indicar el protocolo que se implementar\u00e1 para el funcionamiento de la actividad respectiva, pudiendo a tal fin adherir a uno de los incluidos en el \u00abAnexo de Protocolos autorizados por la autoridad sanitaria nacional\u00bb.<\/p>\n\n\n\n<p>El jefe de Gabinete de Ministros podr\u00e1 autorizar el pedido tal como se le requiere o limitando la excepci\u00f3n a determinadas \u00e1reas geogr\u00e1ficas, en atenci\u00f3n a la evaluaci\u00f3n de la situaci\u00f3n epidemiol\u00f3gica del lugar y al an\u00e1lisis de riesgo.<\/p>\n\n\n\n<p>El intendente Abella ya pidi\u00f3, hace 10 d\u00edas, sumar excepciones a actividades productivas y comerciales, pero a\u00fan no recibi\u00f3 la autorizaci\u00f3n.<\/p>\n\n\n\n<p>\u00abEst\u00e1n las condiciones dadas para reabrir varias actividades, que ya tienen el protocolo correspondiente\u00bb, destacaron desde el municipio.<\/p>\n\n\n\n<p>Este pedido tendr\u00e1 en cuenta varios factores como la distancia con ciudades como Escobar y Pilar, que hist\u00f3ricamente formaron parte de este conglomerado y sobre todo que nuestra ciudad solo ha tenido 7 casos positivos hasta el momento y ha fortalecido el sistema de salud p\u00fablico para enfrentar la pandemia.<\/p>\n\n\n\n<p>Fuente: <a href=\"https:\/\/www.campananoticias.com\/noticia\/60826\/pedirn-exceptuar-a-nuestra-ciudad-del-amba\">Campana Noticias<\/a><\/p>\n","protected":false},"excerpt":{"rendered":"<p>El intendente Abella solicitar\u00e1 al gobierno nacional que Campana sea exceptuada en lo que respecta al aislamiento con el objetivo de que se apruebe la apertura de nuevas actividades productivas, comerciales y recreativas.\u00a0 El intendente Sebasti\u00e1n Abella pedir\u00e1 a Naci\u00f3n que Campana&nbsp;sea exceptuada de la permanencia en la tercera fase del aislamiento social, preventivo y [&hellip;]<\/p>\n","protected":false},"author":4,"featured_media":73578,"comment_status":"open","ping_status":"closed","sticky":false,"template":"","format":"standard","meta":{"om_disable_all_campaigns":false,"_jetpack_memberships_contains_paid_content":false,"footnotes":""},"categories":[621],"tags":[1120,197,686,681],"class_list":["post-73577","post","type-post","status-publish","format-standard","has-post-thumbnail","hentry","category-regionales","tag-amba","tag-buenos-aires","tag-campana-2","tag-regionales"],"aioseo_notices":[],"gutentor_comment":0,"jetpack_featured_media_url":"https:\/\/eldiariodesanpedro.com.ar\/sitio\/wp-content\/uploads\/2020\/05\/20200511114718.jpg","jetpack_shortlink":"https:\/\/wp.me\/p6RhLt-j8J","jetpack_sharing_enabled":true,"_links":{"self":[{"href":"https:\/\/eldiariodesanpedro.com.ar\/sitio\/wp-json\/wp\/v2\/posts\/73577","targetHints":{"allow":["GET"]}}],"collection":[{"href":"https:\/\/eldiariodesanpedro.com.ar\/sitio\/wp-json\/wp\/v2\/posts"}],"about":[{"href":"https:\/\/eldiariodesanpedro.com.ar\/sitio\/wp-json\/wp\/v2\/types\/post"}],"author":[{"embeddable":true,"href":"https:\/\/eldiariodesanpedro.com.ar\/sitio\/wp-json\/wp\/v2\/users\/4"}],"replies":[{"embeddable":true,"href":"https:\/\/eldiariodesanpedro.com.ar\/sitio\/wp-json\/wp\/v2\/comments?post=73577"}],"version-history":[{"count":1,"href":"https:\/\/eldiariodesanpedro.com.ar\/sitio\/wp-json\/wp\/v2\/posts\/73577\/revisions"}],"predecessor-version":[{"id":73579,"href":"https:\/\/eldiariodesanpedro.com.ar\/sitio\/wp-json\/wp\/v2\/posts\/73577\/revisions\/73579"}],"wp:featuredmedia":[{"embeddable":true,"href":"https:\/\/eldiariodesanpedro.com.ar\/sitio\/wp-json\/wp\/v2\/media\/73578"}],"wp:attachment":[{"href":"https:\/\/eldiariodesanpedro.com.ar\/sitio\/wp-json\/wp\/v2\/media?parent=73577"}],"wp:term":[{"taxonomy":"category","embeddable":true,"href":"https:\/\/eldiariodesanpedro.com.ar\/sitio\/wp-json\/wp\/v2\/categories?post=73577"},{"taxonomy":"post_tag","embeddable":true,"href":"https:\/\/eldiariodesanpedro.com.ar\/sitio\/wp-json\/wp\/v2\/tags?post=73577"}],"curies":[{"name":"wp","href":"https:\/\/api.w.org\/{rel}","templated":true}]}}