{"id":73564,"date":"2020-05-12T16:40:40","date_gmt":"2020-05-12T19:40:40","guid":{"rendered":"https:\/\/eldiariodesanpedro.com.ar\/sitio\/?p=73564"},"modified":"2020-05-12T16:40:44","modified_gmt":"2020-05-12T19:40:44","slug":"manana-continua-el-paro-de-la-uta-y-se-sigue-sin-colectivos","status":"publish","type":"post","link":"https:\/\/eldiariodesanpedro.com.ar\/sitio\/manana-continua-el-paro-de-la-uta-y-se-sigue-sin-colectivos\/","title":{"rendered":"Ma\u00f1ana continua el paro de la UTA y se sigue sin colectivos"},"content":{"rendered":"<!-- VideographyWP Plugin Message: Automatic video embedding prevented by plugin options. -->\n\n<p>No hubo acuerdo en el Ministerio de Trabajo de la Naci\u00f3n entre las C\u00e1maras Empresarias del interior del pa\u00eds, la FATAP; la UTA y el Ministerio de Transporte. Se decret\u00f3 paro de colectivos para el martes 12 de mayo.<br><br>La medida de fuerza convocada por la UTA comienza desde la hora 0 del martes 12 de mayo hasta el mi\u00e9rcoles a las 24, lo confirm\u00f3 Tom\u00e1s Lencina, Secretario General de la seccional de la UTA San Nicol\u00e1s. Explic\u00f3 adem\u00e1s, que un 90% de los trabajadores del interior del pa\u00eds cobr\u00f3 solo entre un 30 y 50 por ciento del salario. <br><br>El mi\u00e9rcoles habr\u00e1 una nueva audiencia entre las parte para avanzar en una soluci\u00f3n al conflicto. El encuentro est\u00e1 previsto para las 13.30 horas mientras se estar\u00e1 desarrollando la medida de fuerza.<br><br>Un documento firmado por Roberto Fern\u00e1ndez, secretario general del gremio, se convoc\u00f3 al cese de actividades en el interior a partir de la hora 0 de este martes 12 de mayo ante \u201cla falta de pago de los salarios\u201d. Adem\u00e1s afirm\u00f3 que \u201cla UTA solicit\u00f3 desde el primer momento a empresarios y Gobierno que hallen mecanismos para ofrecer soluciones en el contexto del compromiso demostrado por los trabajadores en la emergencia\u201d.<\/p>\n","protected":false},"excerpt":{"rendered":"<p>No hubo acuerdo en el Ministerio de Trabajo de la Naci\u00f3n entre las C\u00e1maras Empresarias del interior del pa\u00eds, la FATAP; la UTA y el Ministerio de Transporte. Se decret\u00f3 paro de colectivos para el martes 12 de mayo. La medida de fuerza convocada por la UTA comienza desde la hora 0 del martes 12 [&hellip;]<\/p>\n","protected":false},"author":4,"featured_media":73565,"comment_status":"open","ping_status":"closed","sticky":false,"template":"","format":"standard","meta":{"om_disable_all_campaigns":false,"_jetpack_memberships_contains_paid_content":false,"footnotes":""},"categories":[101,2],"tags":[],"class_list":["post-73564","post","type-post","status-publish","format-standard","has-post-thumbnail","hentry","category-interes-general-locales","category-locales"],"aioseo_notices":[],"gutentor_comment":0,"jetpack_featured_media_url":"https:\/\/eldiariodesanpedro.com.ar\/sitio\/wp-content\/uploads\/2020\/05\/no_gt06u2ktwy2wmz1no_4qprtm328232cco20200509_094149_0000.png","jetpack_shortlink":"https:\/\/wp.me\/p6RhLt-j8w","jetpack_sharing_enabled":true,"_links":{"self":[{"href":"https:\/\/eldiariodesanpedro.com.ar\/sitio\/wp-json\/wp\/v2\/posts\/73564","targetHints":{"allow":["GET"]}}],"collection":[{"href":"https:\/\/eldiariodesanpedro.com.ar\/sitio\/wp-json\/wp\/v2\/posts"}],"about":[{"href":"https:\/\/eldiariodesanpedro.com.ar\/sitio\/wp-json\/wp\/v2\/types\/post"}],"author":[{"embeddable":true,"href":"https:\/\/eldiariodesanpedro.com.ar\/sitio\/wp-json\/wp\/v2\/users\/4"}],"replies":[{"embeddable":true,"href":"https:\/\/eldiariodesanpedro.com.ar\/sitio\/wp-json\/wp\/v2\/comments?post=73564"}],"version-history":[{"count":1,"href":"https:\/\/eldiariodesanpedro.com.ar\/sitio\/wp-json\/wp\/v2\/posts\/73564\/revisions"}],"predecessor-version":[{"id":73566,"href":"https:\/\/eldiariodesanpedro.com.ar\/sitio\/wp-json\/wp\/v2\/posts\/73564\/revisions\/73566"}],"wp:featuredmedia":[{"embeddable":true,"href":"https:\/\/eldiariodesanpedro.com.ar\/sitio\/wp-json\/wp\/v2\/media\/73565"}],"wp:attachment":[{"href":"https:\/\/eldiariodesanpedro.com.ar\/sitio\/wp-json\/wp\/v2\/media?parent=73564"}],"wp:term":[{"taxonomy":"category","embeddable":true,"href":"https:\/\/eldiariodesanpedro.com.ar\/sitio\/wp-json\/wp\/v2\/categories?post=73564"},{"taxonomy":"post_tag","embeddable":true,"href":"https:\/\/eldiariodesanpedro.com.ar\/sitio\/wp-json\/wp\/v2\/tags?post=73564"}],"curies":[{"name":"wp","href":"https:\/\/api.w.org\/{rel}","templated":true}]}}