{"id":73561,"date":"2020-05-12T16:24:54","date_gmt":"2020-05-12T19:24:54","guid":{"rendered":"https:\/\/eldiariodesanpedro.com.ar\/sitio\/?p=73561"},"modified":"2020-05-12T16:29:15","modified_gmt":"2020-05-12T19:29:15","slug":"san-nicolas-detuvieron-a-benites-el-sujeto-que-privo-de-la-libertad-a-su-familia-video","status":"publish","type":"post","link":"https:\/\/eldiariodesanpedro.com.ar\/sitio\/san-nicolas-detuvieron-a-benites-el-sujeto-que-privo-de-la-libertad-a-su-familia-video\/","title":{"rendered":"SAN NICOL\u00c1S | Detuvieron a Ben\u00edtes, el sujeto que priv\u00f3 de la libertad a su familia (V\u00eddeo)"},"content":{"rendered":"<!-- VideographyWP Plugin Message: Automatic video embedding prevented by plugin options. -->\n\n<p>El fiscal Dr. Patricio Mugica D\u00edaz di\u00e1logo con RadioNet 95.7, sobre el operativo llevado adelante en la ma\u00f1ana de este martes, en barrio La Loma. Un sujeto, que sali\u00f3 de la c\u00e1rcel hace un mes, se atrincher\u00f3 con su familia en su casa. Estaba armado.<\/p>\n\n\n\n<p>El Dr. Mugica D\u00edaz cont\u00f3 que en horas de la madrugada, alrededor de las 3:30, se recepcion\u00f3 una denuncia al 911, sobre una pelea de pareja en una vivienda de calle Islas Malvinas al 600.<\/p>\n\n\n\n<p>Los primeros en constituirse en el lugar fueron los efectivos de la Comisar\u00eda Tercera y el Comando Patrulla que fueron recibidos por Leandro Maximiliano Benites de 30 a\u00f1os, quien ten\u00eda en su poder un arma de fuego y mostr\u00f3 una actitud irascible.<\/p>\n\n\n\n<p>El fiscal explic\u00f3, que si bien, la situaci\u00f3n estaba habilitaba legalmente a los uniformados a ingresar al lugar y reducir al agresor, al haber gritos de auxilio desde el interior, los funcionarios decidieron acertadamente, dialogar con Ben\u00edtes para no poner en peligro la integridad f\u00edsica de las v\u00edctimas.<\/p>\n\n\n\n<p>Dentro de la vivienda se encontraban sus tres hijos de 1, 6 y 10 a\u00f1os; su mujer embarazada y su madre.<\/p>\n\n\n\n<p>De inmediato, se solicit\u00f3 la presencia del GAD y del Grupo Halc\u00f3n quienes intentaron hacer entrar en raz\u00f3n al sujeto.<\/p>\n\n\n\n<p>Finalmente, y luego de 8 horas de negociaci\u00f3n, se entreg\u00f3 y fue detenido.<\/p>\n\n\n\n<p>Ben\u00edtes sali\u00f3 de la carcel hace 1 mes, luego de cumplir una condena de 6 a\u00f1os por robo calificado. Adem\u00e1s, tiene otros antecedentes penales. La fiscal\u00eda trabaja ahora en dilucidar los detalles de lo sucedidos y tomarle declaraci\u00f3n testimonial a las v\u00edctimas.<\/p>\n\n\n\n<p>El Dr. Mugiza D\u00edaz destac\u00f3 que todo se haya \u00abmanejado con prudencia\u00bb.<\/p>\n\n\n\n<p>Fuente:\u00a0<a href=\"http:\/\/www.diarioelinformante.com.ar\/nota-57374_detuvieron-a-bentes-el-sujeto-que-priv-de-la-libertad-a-su-familia\">Diario El infromante<\/a><\/p>\n\n\n\n<figure class=\"wp-block-embed-facebook wp-block-embed is-type-video is-provider-facebook\"><div class=\"wp-block-embed__wrapper\">\n<div class=\"fb-video\" data-allowfullscreen=\"true\" data-href=\"https:\/\/www.facebook.com\/ElInformanteSN\/videos\/263608278158739\/\" style=\"background-color: #fff; display: inline-block;\"><\/div>\n<\/div><\/figure>\n","protected":false},"excerpt":{"rendered":"<p>El fiscal Dr. Patricio Mugica D\u00edaz di\u00e1logo con RadioNet 95.7, sobre el operativo llevado adelante en la ma\u00f1ana de este martes, en barrio La Loma. Un sujeto, que sali\u00f3 de la c\u00e1rcel hace un mes, se atrincher\u00f3 con su familia en su casa. Estaba armado. El Dr. Mugica D\u00edaz cont\u00f3 que en horas de la [&hellip;]<\/p>\n","protected":false},"author":4,"featured_media":73562,"comment_status":"open","ping_status":"closed","sticky":false,"template":"","format":"standard","meta":{"om_disable_all_campaigns":false,"_jetpack_memberships_contains_paid_content":false,"footnotes":""},"categories":[50,621],"tags":[197,26],"class_list":["post-73561","post","type-post","status-publish","format-standard","has-post-thumbnail","hentry","category-destacadas","category-regionales","tag-buenos-aires","tag-detenido"],"aioseo_notices":[],"gutentor_comment":0,"jetpack_featured_media_url":"https:\/\/eldiariodesanpedro.com.ar\/sitio\/wp-content\/uploads\/2020\/05\/conmarca26278.jpg","jetpack_shortlink":"https:\/\/wp.me\/p6RhLt-j8t","jetpack_sharing_enabled":true,"_links":{"self":[{"href":"https:\/\/eldiariodesanpedro.com.ar\/sitio\/wp-json\/wp\/v2\/posts\/73561","targetHints":{"allow":["GET"]}}],"collection":[{"href":"https:\/\/eldiariodesanpedro.com.ar\/sitio\/wp-json\/wp\/v2\/posts"}],"about":[{"href":"https:\/\/eldiariodesanpedro.com.ar\/sitio\/wp-json\/wp\/v2\/types\/post"}],"author":[{"embeddable":true,"href":"https:\/\/eldiariodesanpedro.com.ar\/sitio\/wp-json\/wp\/v2\/users\/4"}],"replies":[{"embeddable":true,"href":"https:\/\/eldiariodesanpedro.com.ar\/sitio\/wp-json\/wp\/v2\/comments?post=73561"}],"version-history":[{"count":1,"href":"https:\/\/eldiariodesanpedro.com.ar\/sitio\/wp-json\/wp\/v2\/posts\/73561\/revisions"}],"predecessor-version":[{"id":73563,"href":"https:\/\/eldiariodesanpedro.com.ar\/sitio\/wp-json\/wp\/v2\/posts\/73561\/revisions\/73563"}],"wp:featuredmedia":[{"embeddable":true,"href":"https:\/\/eldiariodesanpedro.com.ar\/sitio\/wp-json\/wp\/v2\/media\/73562"}],"wp:attachment":[{"href":"https:\/\/eldiariodesanpedro.com.ar\/sitio\/wp-json\/wp\/v2\/media?parent=73561"}],"wp:term":[{"taxonomy":"category","embeddable":true,"href":"https:\/\/eldiariodesanpedro.com.ar\/sitio\/wp-json\/wp\/v2\/categories?post=73561"},{"taxonomy":"post_tag","embeddable":true,"href":"https:\/\/eldiariodesanpedro.com.ar\/sitio\/wp-json\/wp\/v2\/tags?post=73561"}],"curies":[{"name":"wp","href":"https:\/\/api.w.org\/{rel}","templated":true}]}}