{"id":73553,"date":"2020-05-12T16:05:19","date_gmt":"2020-05-12T19:05:19","guid":{"rendered":"https:\/\/eldiariodesanpedro.com.ar\/sitio\/?p=73553"},"modified":"2020-05-12T16:06:31","modified_gmt":"2020-05-12T19:06:31","slug":"resolucion-que-permite-el-ingreso-de-menores-de-12-anos-con-sus-padres-a-comercios-de-cercania","status":"publish","type":"post","link":"https:\/\/eldiariodesanpedro.com.ar\/sitio\/resolucion-que-permite-el-ingreso-de-menores-de-12-anos-con-sus-padres-a-comercios-de-cercania\/","title":{"rendered":"Resoluci\u00f3n que permite el ingreso de menores de 12 a\u00f1os con sus padres a comercios de cercan\u00eda"},"content":{"rendered":"<!-- VideographyWP Plugin Message: Automatic video embedding prevented by plugin options. -->\n\n<p>Desde el Centro de Comercio e Industria compartimos con ustedes esta informaci\u00f3n de la Secretar\u00eda Nacional de Ni\u00f1ez, Adolescencia y Familia dependiente del Ministerio de Desarrollo Social de la Naci\u00f3n con relaci\u00f3n al \u00abAcceso de Ni\u00f1os y Ni\u00f1as a Comercios\u00bb.<\/p>\n\n\n\n<p>La resoluci\u00f3n publicada en el bolet\u00edn oficial prescribe que \u201cLas y los progenitores o la persona adulta responsable, se encuentran autorizados para ingresar con sus hijos e hijas, o ni\u00f1os o ni\u00f1as que se encuentren a su cargo, de hasta doce (12) a\u00f1os de edad, a los comercios de cercan\u00eda habilitados para funcionar, de conformidad con las excepciones previstas en el ordenamiento vigente, siempre que no puedan dejarlos en el hogar al cuidado de otro adulto responsable\u201d.<\/p>\n\n\n\n<p>Se comparte esta informaci\u00f3n para su circulaci\u00f3n entre los comercios locales&nbsp;<strong>cuando \u00e9stos est\u00e9n autorizados a abrir sus puertas para que faciliten la implementaci\u00f3n de la resoluci\u00f3n citada. (TODAVIA NO SE RECIBIO COMUNICACION FEHACIENTE)<\/strong><\/p>\n\n\n\n<p>El objetivo de la norma es evitar que sean discriminados los pap\u00e1s, mam\u00e1s y sus hijos e hijas peque\u00f1os que deben trasladarse a realizar compras de manera conjunta, frente a la inconveniencia de dejar a los ni\u00f1os y ni\u00f1as solos en sus domicilios.<\/p>\n\n\n<a href=\"https:\/\/eldiariodesanpedro.com.ar\/sitio\/wp-content\/uploads\/2020\/05\/RESOLUCION.pdf\" class=\"pdfemb-viewer\" style=\"\" data-width=\"max\" data-height=\"max\" data-toolbar=\"bottom\" data-toolbar-fixed=\"off\">RESOLUCION<\/a>\n<p class=\"wp-block-pdfemb-pdf-embedder-viewer\"><\/p>\n","protected":false},"excerpt":{"rendered":"<p>Desde el Centro de Comercio e Industria compartimos con ustedes esta informaci\u00f3n de la Secretar\u00eda Nacional de Ni\u00f1ez, Adolescencia y Familia dependiente del Ministerio de Desarrollo Social de la Naci\u00f3n con relaci\u00f3n al \u00abAcceso de Ni\u00f1os y Ni\u00f1as a Comercios\u00bb. La resoluci\u00f3n publicada en el bolet\u00edn oficial prescribe que \u201cLas y los progenitores o la [&hellip;]<\/p>\n","protected":false},"author":4,"featured_media":73156,"comment_status":"open","ping_status":"closed","sticky":false,"template":"","format":"standard","meta":{"om_disable_all_campaigns":false,"_jetpack_memberships_contains_paid_content":false,"footnotes":""},"categories":[50,101,2],"tags":[197,994,33],"class_list":["post-73553","post","type-post","status-publish","format-standard","has-post-thumbnail","hentry","category-destacadas","category-interes-general-locales","category-locales","tag-buenos-aires","tag-comercios","tag-locales"],"aioseo_notices":[],"gutentor_comment":0,"jetpack_featured_media_url":"https:\/\/eldiariodesanpedro.com.ar\/sitio\/wp-content\/uploads\/2020\/05\/san-pedro-buenos-aires-3936049418-L.jpg","jetpack_shortlink":"https:\/\/wp.me\/p6RhLt-j8l","jetpack_sharing_enabled":true,"_links":{"self":[{"href":"https:\/\/eldiariodesanpedro.com.ar\/sitio\/wp-json\/wp\/v2\/posts\/73553","targetHints":{"allow":["GET"]}}],"collection":[{"href":"https:\/\/eldiariodesanpedro.com.ar\/sitio\/wp-json\/wp\/v2\/posts"}],"about":[{"href":"https:\/\/eldiariodesanpedro.com.ar\/sitio\/wp-json\/wp\/v2\/types\/post"}],"author":[{"embeddable":true,"href":"https:\/\/eldiariodesanpedro.com.ar\/sitio\/wp-json\/wp\/v2\/users\/4"}],"replies":[{"embeddable":true,"href":"https:\/\/eldiariodesanpedro.com.ar\/sitio\/wp-json\/wp\/v2\/comments?post=73553"}],"version-history":[{"count":2,"href":"https:\/\/eldiariodesanpedro.com.ar\/sitio\/wp-json\/wp\/v2\/posts\/73553\/revisions"}],"predecessor-version":[{"id":73557,"href":"https:\/\/eldiariodesanpedro.com.ar\/sitio\/wp-json\/wp\/v2\/posts\/73553\/revisions\/73557"}],"wp:featuredmedia":[{"embeddable":true,"href":"https:\/\/eldiariodesanpedro.com.ar\/sitio\/wp-json\/wp\/v2\/media\/73156"}],"wp:attachment":[{"href":"https:\/\/eldiariodesanpedro.com.ar\/sitio\/wp-json\/wp\/v2\/media?parent=73553"}],"wp:term":[{"taxonomy":"category","embeddable":true,"href":"https:\/\/eldiariodesanpedro.com.ar\/sitio\/wp-json\/wp\/v2\/categories?post=73553"},{"taxonomy":"post_tag","embeddable":true,"href":"https:\/\/eldiariodesanpedro.com.ar\/sitio\/wp-json\/wp\/v2\/tags?post=73553"}],"curies":[{"name":"wp","href":"https:\/\/api.w.org\/{rel}","templated":true}]}}