{"id":73529,"date":"2020-05-12T11:48:21","date_gmt":"2020-05-12T14:48:21","guid":{"rendered":"https:\/\/eldiariodesanpedro.com.ar\/sitio\/?p=73529"},"modified":"2020-05-12T11:48:25","modified_gmt":"2020-05-12T14:48:25","slug":"rio-tala-robaron-en-la-sede-de-las-palmeras-2","status":"publish","type":"post","link":"https:\/\/eldiariodesanpedro.com.ar\/sitio\/rio-tala-robaron-en-la-sede-de-las-palmeras-2\/","title":{"rendered":"R\u00edo Tala: Robaron en la sede de Las Palmeras"},"content":{"rendered":"<!-- VideographyWP Plugin Message: Automatic video embedding prevented by plugin options. -->\n\n<p>Mientras los dirigentes trabajan a destajo para terminar el edificio uno o varios delincuentes da\u00f1aron y robaron diferentes elementos.<\/p>\n\n\n\n<p>En los \u00faltimos a\u00f1os, el club Las Palmeras de R\u00edo Tala, a trav\u00e9s de sus dirigentes y colaboradores, viene trabajando con el objetivo de poder concretar la obra de la sede de la instituci\u00f3n.<\/p>\n\n\n\n<p>En los \u00faltimos d\u00edas los pasos se han ido concretando hasta el punto de culminar con la colocaci\u00f3n de los pisos y la exposici\u00f3n de los trofeos obtenidos por los distintos equipos que los han representado a lo largo de la historia.<\/p>\n\n\n\n<p>Durante el fin de semana, uno o varios delincuentes provocaron da\u00f1os en las aberturas de la dependencia y se robaron distintos elementos del ba\u00f1o de varones lo que genera un enorme perjuicio econ\u00f3mico para la instituci\u00f3n.<\/p>\n\n\n\n<p>Los dirigentes realizaron la denuncia correspondiente y se aguarda poder dar con los autores del hecho o al menos recuperar lo robado.<\/p>\n\n\n\n<p>Situaciones como estas echan por el suelo la voluntad y las ganas de quienes d\u00eda a d\u00eda dejan muchas cosas de lado por el bien de la instituci\u00f3n, y m\u00e1s doloroso es aun cuando se trata del \u00fanico club de la localidad y el \u00fanico espacio donde los chicos pueden practicar un deporte lejos de la problem\u00e1tica de la calle.<\/p>\n\n\n\n<p>Fuente: <a href=\"https:\/\/www.sanpedroinforma.com.ar\/nota\/123282\/interes-general\/indignante-robaron-en-la-sede-de-las-palmeras.html\">San Pedro Informa<\/a><\/p>\n","protected":false},"excerpt":{"rendered":"<p>Mientras los dirigentes trabajan a destajo para terminar el edificio uno o varios delincuentes da\u00f1aron y robaron diferentes elementos. En los \u00faltimos a\u00f1os, el club Las Palmeras de R\u00edo Tala, a trav\u00e9s de sus dirigentes y colaboradores, viene trabajando con el objetivo de poder concretar la obra de la sede de la instituci\u00f3n. En los [&hellip;]<\/p>\n","protected":false},"author":4,"featured_media":73530,"comment_status":"open","ping_status":"closed","sticky":false,"template":"","format":"standard","meta":{"om_disable_all_campaigns":false,"_jetpack_memberships_contains_paid_content":false,"footnotes":""},"categories":[50,2,103],"tags":[680,19],"class_list":["post-73529","post","type-post","status-publish","format-standard","has-post-thumbnail","hentry","category-destacadas","category-locales","category-policiales-locales","tag-robo","tag-san-pedro"],"aioseo_notices":[],"gutentor_comment":0,"jetpack_featured_media_url":"https:\/\/eldiariodesanpedro.com.ar\/sitio\/wp-content\/uploads\/2020\/05\/000083824.jpg","jetpack_shortlink":"https:\/\/wp.me\/p6RhLt-j7X","jetpack_sharing_enabled":true,"_links":{"self":[{"href":"https:\/\/eldiariodesanpedro.com.ar\/sitio\/wp-json\/wp\/v2\/posts\/73529","targetHints":{"allow":["GET"]}}],"collection":[{"href":"https:\/\/eldiariodesanpedro.com.ar\/sitio\/wp-json\/wp\/v2\/posts"}],"about":[{"href":"https:\/\/eldiariodesanpedro.com.ar\/sitio\/wp-json\/wp\/v2\/types\/post"}],"author":[{"embeddable":true,"href":"https:\/\/eldiariodesanpedro.com.ar\/sitio\/wp-json\/wp\/v2\/users\/4"}],"replies":[{"embeddable":true,"href":"https:\/\/eldiariodesanpedro.com.ar\/sitio\/wp-json\/wp\/v2\/comments?post=73529"}],"version-history":[{"count":1,"href":"https:\/\/eldiariodesanpedro.com.ar\/sitio\/wp-json\/wp\/v2\/posts\/73529\/revisions"}],"predecessor-version":[{"id":73531,"href":"https:\/\/eldiariodesanpedro.com.ar\/sitio\/wp-json\/wp\/v2\/posts\/73529\/revisions\/73531"}],"wp:featuredmedia":[{"embeddable":true,"href":"https:\/\/eldiariodesanpedro.com.ar\/sitio\/wp-json\/wp\/v2\/media\/73530"}],"wp:attachment":[{"href":"https:\/\/eldiariodesanpedro.com.ar\/sitio\/wp-json\/wp\/v2\/media?parent=73529"}],"wp:term":[{"taxonomy":"category","embeddable":true,"href":"https:\/\/eldiariodesanpedro.com.ar\/sitio\/wp-json\/wp\/v2\/categories?post=73529"},{"taxonomy":"post_tag","embeddable":true,"href":"https:\/\/eldiariodesanpedro.com.ar\/sitio\/wp-json\/wp\/v2\/tags?post=73529"}],"curies":[{"name":"wp","href":"https:\/\/api.w.org\/{rel}","templated":true}]}}