{"id":73441,"date":"2020-05-11T09:46:37","date_gmt":"2020-05-11T12:46:37","guid":{"rendered":"https:\/\/eldiariodesanpedro.com.ar\/sitio\/?p=73441"},"modified":"2020-05-11T09:46:40","modified_gmt":"2020-05-11T12:46:40","slug":"anses-calendarios-de-pago-de-hoy-lunes-11-de-mayo","status":"publish","type":"post","link":"https:\/\/eldiariodesanpedro.com.ar\/sitio\/anses-calendarios-de-pago-de-hoy-lunes-11-de-mayo\/","title":{"rendered":"ANSES: Calendarios de pago de hoy lunes 11 de mayo"},"content":{"rendered":"<!-- VideographyWP Plugin Message: Automatic video embedding prevented by plugin options. -->\n\n<p><strong>Titulares de jubilaciones y pensiones del Sistema Integrado Previsional Argentino (SIPA)<\/strong><\/p>\n\n\n\n<p>Las sucursales bancarias habilitadas atender\u00e1n por ventanilla solo los pagos&nbsp;<strong>del mes de mayo<\/strong>&nbsp;para los&nbsp;<strong>jubilados y pensionados con documentos terminados en 1 y cuyos haberes NO superen la suma de $17.859<\/strong>.<\/p>\n\n\n\n<p>En este sentido, si bien los titulares no tienen que solicitar turno previo para cobrar este beneficio,&nbsp;<strong>deben acercarse a la sucursal bancaria \u00fanicamente en las fechas asignadas<\/strong>. Cabe recordar que los haberes permanecer\u00e1n depositados en las cuentas de los titulares.<\/p>\n\n\n\n<p><strong>Asignaci\u00f3n Universal por Hijo y por Embarazo<\/strong><\/p>\n\n\n\n<p>A trav\u00e9s de su tarjeta de&nbsp;d\u00e9bito, hoy cobrar\u00e1n&nbsp;los titulares de la Asignaci\u00f3n Universal por Hijo (AUH) con documentos terminados en 1 y aquellos de la Asignaci\u00f3n por Embarazo con documentos finalizados en 0.<\/p>\n","protected":false},"excerpt":{"rendered":"<p>Titulares de jubilaciones y pensiones del Sistema Integrado Previsional Argentino (SIPA) Las sucursales bancarias habilitadas atender\u00e1n por ventanilla solo los pagos&nbsp;del mes de mayo&nbsp;para los&nbsp;jubilados y pensionados con documentos terminados en 1 y cuyos haberes NO superen la suma de $17.859. En este sentido, si bien los titulares no tienen que solicitar turno previo para [&hellip;]<\/p>\n","protected":false},"author":4,"featured_media":71308,"comment_status":"open","ping_status":"closed","sticky":false,"template":"","format":"standard","meta":{"om_disable_all_campaigns":false,"_jetpack_memberships_contains_paid_content":false,"footnotes":""},"categories":[101,2],"tags":[602,197,696,33,1085,19],"class_list":["post-73441","post","type-post","status-publish","format-standard","has-post-thumbnail","hentry","category-interes-general-locales","category-locales","tag-anses","tag-buenos-aires","tag-interes-general","tag-locales","tag-pagos","tag-san-pedro"],"aioseo_notices":[],"gutentor_comment":0,"jetpack_featured_media_url":"https:\/\/eldiariodesanpedro.com.ar\/sitio\/wp-content\/uploads\/2020\/04\/anses-4.jpg","jetpack_shortlink":"https:\/\/wp.me\/p6RhLt-j6x","jetpack_sharing_enabled":true,"_links":{"self":[{"href":"https:\/\/eldiariodesanpedro.com.ar\/sitio\/wp-json\/wp\/v2\/posts\/73441","targetHints":{"allow":["GET"]}}],"collection":[{"href":"https:\/\/eldiariodesanpedro.com.ar\/sitio\/wp-json\/wp\/v2\/posts"}],"about":[{"href":"https:\/\/eldiariodesanpedro.com.ar\/sitio\/wp-json\/wp\/v2\/types\/post"}],"author":[{"embeddable":true,"href":"https:\/\/eldiariodesanpedro.com.ar\/sitio\/wp-json\/wp\/v2\/users\/4"}],"replies":[{"embeddable":true,"href":"https:\/\/eldiariodesanpedro.com.ar\/sitio\/wp-json\/wp\/v2\/comments?post=73441"}],"version-history":[{"count":1,"href":"https:\/\/eldiariodesanpedro.com.ar\/sitio\/wp-json\/wp\/v2\/posts\/73441\/revisions"}],"predecessor-version":[{"id":73442,"href":"https:\/\/eldiariodesanpedro.com.ar\/sitio\/wp-json\/wp\/v2\/posts\/73441\/revisions\/73442"}],"wp:featuredmedia":[{"embeddable":true,"href":"https:\/\/eldiariodesanpedro.com.ar\/sitio\/wp-json\/wp\/v2\/media\/71308"}],"wp:attachment":[{"href":"https:\/\/eldiariodesanpedro.com.ar\/sitio\/wp-json\/wp\/v2\/media?parent=73441"}],"wp:term":[{"taxonomy":"category","embeddable":true,"href":"https:\/\/eldiariodesanpedro.com.ar\/sitio\/wp-json\/wp\/v2\/categories?post=73441"},{"taxonomy":"post_tag","embeddable":true,"href":"https:\/\/eldiariodesanpedro.com.ar\/sitio\/wp-json\/wp\/v2\/tags?post=73441"}],"curies":[{"name":"wp","href":"https:\/\/api.w.org\/{rel}","templated":true}]}}