{"id":73423,"date":"2020-05-10T19:50:57","date_gmt":"2020-05-10T22:50:57","guid":{"rendered":"https:\/\/eldiariodesanpedro.com.ar\/sitio\/?p=73423"},"modified":"2020-05-10T19:50:59","modified_gmt":"2020-05-10T22:50:59","slug":"a-partir-de-manana-se-comienzan-los-trabajos-de-dragado","status":"publish","type":"post","link":"https:\/\/eldiariodesanpedro.com.ar\/sitio\/a-partir-de-manana-se-comienzan-los-trabajos-de-dragado\/","title":{"rendered":"A partir de ma\u00f1ana se comienzan los trabajos de dragado"},"content":{"rendered":"<!-- VideographyWP Plugin Message: Automatic video embedding prevented by plugin options. -->\n\n<p>El Consorcio de Gesti\u00f3n del Puerto de San Pedro informa que en el atardecer de hoy ingres\u00f3 al canal la draga \u00abAlvar Nu\u00f1ez Cabeza de Vaca\u00bb de la empresa Compa\u00f1\u00eda Sudamericana de Dragados, para comenzar con el trabajo de mantenimiento contratado. <br><u><br>Adem\u00e1s se informa el siguiente ingreso para\u00a0\u00a0tareas de aprovisionamiento y mantenimiento a bordo\u00a0<\/u><br><br>DRAGA:<strong>\u00a0AMERIGO VESPUCCIO<\/strong><br>BANDERA: \u00a0Luxemburgo<br>ESLORA: 97.70 MTS<br>PROCEDENCIA: \u00a0Uruguay<br>MUELLE: CABECERA<br>ARRIBO ESTIMADO: 11-05-20 &#8211; AM<br>PARA REALIZAR TAREAS DE MANTENIMIENTO ABORDO<\/p>\n","protected":false},"excerpt":{"rendered":"<p>El Consorcio de Gesti\u00f3n del Puerto de San Pedro informa que en el atardecer de hoy ingres\u00f3 al canal la draga \u00abAlvar Nu\u00f1ez Cabeza de Vaca\u00bb de la empresa Compa\u00f1\u00eda Sudamericana de Dragados, para comenzar con el trabajo de mantenimiento contratado. Adem\u00e1s se informa el siguiente ingreso para\u00a0\u00a0tareas de aprovisionamiento y mantenimiento a bordo\u00a0 DRAGA:\u00a0AMERIGO [&hellip;]<\/p>\n","protected":false},"author":4,"featured_media":73424,"comment_status":"open","ping_status":"closed","sticky":false,"template":"","format":"standard","meta":{"om_disable_all_campaigns":false,"_jetpack_memberships_contains_paid_content":false,"footnotes":""},"categories":[50,101,2],"tags":[197,1030,696,33,874,19],"class_list":["post-73423","post","type-post","status-publish","format-standard","has-post-thumbnail","hentry","category-destacadas","category-interes-general-locales","category-locales","tag-buenos-aires","tag-dragado","tag-interes-general","tag-locales","tag-puerto-local","tag-san-pedro"],"aioseo_notices":[],"gutentor_comment":0,"jetpack_featured_media_url":"https:\/\/eldiariodesanpedro.com.ar\/sitio\/wp-content\/uploads\/2020\/05\/unnamed-1.jpg","jetpack_shortlink":"https:\/\/wp.me\/p6RhLt-j6f","jetpack_sharing_enabled":true,"_links":{"self":[{"href":"https:\/\/eldiariodesanpedro.com.ar\/sitio\/wp-json\/wp\/v2\/posts\/73423","targetHints":{"allow":["GET"]}}],"collection":[{"href":"https:\/\/eldiariodesanpedro.com.ar\/sitio\/wp-json\/wp\/v2\/posts"}],"about":[{"href":"https:\/\/eldiariodesanpedro.com.ar\/sitio\/wp-json\/wp\/v2\/types\/post"}],"author":[{"embeddable":true,"href":"https:\/\/eldiariodesanpedro.com.ar\/sitio\/wp-json\/wp\/v2\/users\/4"}],"replies":[{"embeddable":true,"href":"https:\/\/eldiariodesanpedro.com.ar\/sitio\/wp-json\/wp\/v2\/comments?post=73423"}],"version-history":[{"count":1,"href":"https:\/\/eldiariodesanpedro.com.ar\/sitio\/wp-json\/wp\/v2\/posts\/73423\/revisions"}],"predecessor-version":[{"id":73425,"href":"https:\/\/eldiariodesanpedro.com.ar\/sitio\/wp-json\/wp\/v2\/posts\/73423\/revisions\/73425"}],"wp:featuredmedia":[{"embeddable":true,"href":"https:\/\/eldiariodesanpedro.com.ar\/sitio\/wp-json\/wp\/v2\/media\/73424"}],"wp:attachment":[{"href":"https:\/\/eldiariodesanpedro.com.ar\/sitio\/wp-json\/wp\/v2\/media?parent=73423"}],"wp:term":[{"taxonomy":"category","embeddable":true,"href":"https:\/\/eldiariodesanpedro.com.ar\/sitio\/wp-json\/wp\/v2\/categories?post=73423"},{"taxonomy":"post_tag","embeddable":true,"href":"https:\/\/eldiariodesanpedro.com.ar\/sitio\/wp-json\/wp\/v2\/tags?post=73423"}],"curies":[{"name":"wp","href":"https:\/\/api.w.org\/{rel}","templated":true}]}}