{"id":73390,"date":"2020-05-10T13:25:56","date_gmt":"2020-05-10T16:25:56","guid":{"rendered":"https:\/\/eldiariodesanpedro.com.ar\/sitio\/?p=73390"},"modified":"2020-05-10T13:25:58","modified_gmt":"2020-05-10T16:25:58","slug":"san-nicolas-el-unico-acusado-por-el-homicidio-de-fringes-estaba-cumpliendo-prision-condicional","status":"publish","type":"post","link":"https:\/\/eldiariodesanpedro.com.ar\/sitio\/san-nicolas-el-unico-acusado-por-el-homicidio-de-fringes-estaba-cumpliendo-prision-condicional\/","title":{"rendered":"SAN NICOL\u00c1S | El \u00fanico acusado por el homicidio de Fringes estaba cumpliendo prisi\u00f3n condicional"},"content":{"rendered":"<!-- VideographyWP Plugin Message: Automatic video embedding prevented by plugin options. -->\n\n<p>Miguel \u00c1ngel Cuarez fue detenido la noche del mi\u00e9rcoles acusado de haber asesinado a Mat\u00edas Fringes. ELNORTE pudo saber que el 1 de noviembre del 2014 Cuarez hab\u00eda asaltado a mano armada a un joven, golpe\u00e1ndolo con la culata del arma y que por este delito fue condenado a seis a\u00f1os de prisi\u00f3n y la pena venc\u00eda el 16 de enero del 2021.<\/p>\n\n\n\n<p>Como consign\u00f3 EL NORTE en su edici\u00f3n de ayer, el mi\u00e9rcoles a la noche personal de la DDI en el marco de la investigaci\u00f3n del homicidio de Mat\u00edas Fringes realiz\u00f3 un allanamiento en ruta 9 kilometro 229.3 donde se procedi\u00f3 a la aprehensi\u00f3n de Miguel \u00c1ngel Cuarez conocido como \u201cEl paraguayo\u201d y el secuestro de una escopeta marca Zavace con 8 cartuchos, una pistola 9mm marca FM con dos cargadores, 23 proyectiles y vestimenta con manchas de sangre. Cuarez se resisti\u00f3 a la detenci\u00f3n siendo reducido por el personal policial interviniente.<\/p>\n\n\n\n<p>EL NORTE tom\u00f3 conocimiento de que Cuarez, hoy detenido por el homicidio, estaba cumpliendo prisi\u00f3n condicional debido a que el 10 de marzo del 2017 se hab\u00eda dictado sentencia contra el mismo por un hecho de robo calificado ocurrido en el a\u00f1o 2014 y por el que reci\u00e9n se cumplir\u00eda la pena el 16 de enero del a\u00f1o que viene.<\/p>\n\n\n\n<p>Fuente: <a href=\"https:\/\/diarioelnorte.com.ar\/\">Diario El Norte<\/a><\/p>\n","protected":false},"excerpt":{"rendered":"<p>Miguel \u00c1ngel Cuarez fue detenido la noche del mi\u00e9rcoles acusado de haber asesinado a Mat\u00edas Fringes. ELNORTE pudo saber que el 1 de noviembre del 2014 Cuarez hab\u00eda asaltado a mano armada a un joven, golpe\u00e1ndolo con la culata del arma y que por este delito fue condenado a seis a\u00f1os de prisi\u00f3n y la [&hellip;]<\/p>\n","protected":false},"author":4,"featured_media":73391,"comment_status":"open","ping_status":"closed","sticky":false,"template":"","format":"standard","meta":{"om_disable_all_campaigns":false,"_jetpack_memberships_contains_paid_content":false,"footnotes":""},"categories":[621],"tags":[26,658,95,681,714],"class_list":["post-73390","post","type-post","status-publish","format-standard","has-post-thumbnail","hentry","category-regionales","tag-detenido","tag-homicidio","tag-policiales","tag-regionales","tag-san-nicolas"],"aioseo_notices":[],"gutentor_comment":0,"jetpack_featured_media_url":"https:\/\/eldiariodesanpedro.com.ar\/sitio\/wp-content\/uploads\/2020\/05\/0_98_0.jpg","jetpack_shortlink":"https:\/\/wp.me\/p6RhLt-j5I","jetpack_sharing_enabled":true,"_links":{"self":[{"href":"https:\/\/eldiariodesanpedro.com.ar\/sitio\/wp-json\/wp\/v2\/posts\/73390","targetHints":{"allow":["GET"]}}],"collection":[{"href":"https:\/\/eldiariodesanpedro.com.ar\/sitio\/wp-json\/wp\/v2\/posts"}],"about":[{"href":"https:\/\/eldiariodesanpedro.com.ar\/sitio\/wp-json\/wp\/v2\/types\/post"}],"author":[{"embeddable":true,"href":"https:\/\/eldiariodesanpedro.com.ar\/sitio\/wp-json\/wp\/v2\/users\/4"}],"replies":[{"embeddable":true,"href":"https:\/\/eldiariodesanpedro.com.ar\/sitio\/wp-json\/wp\/v2\/comments?post=73390"}],"version-history":[{"count":1,"href":"https:\/\/eldiariodesanpedro.com.ar\/sitio\/wp-json\/wp\/v2\/posts\/73390\/revisions"}],"predecessor-version":[{"id":73392,"href":"https:\/\/eldiariodesanpedro.com.ar\/sitio\/wp-json\/wp\/v2\/posts\/73390\/revisions\/73392"}],"wp:featuredmedia":[{"embeddable":true,"href":"https:\/\/eldiariodesanpedro.com.ar\/sitio\/wp-json\/wp\/v2\/media\/73391"}],"wp:attachment":[{"href":"https:\/\/eldiariodesanpedro.com.ar\/sitio\/wp-json\/wp\/v2\/media?parent=73390"}],"wp:term":[{"taxonomy":"category","embeddable":true,"href":"https:\/\/eldiariodesanpedro.com.ar\/sitio\/wp-json\/wp\/v2\/categories?post=73390"},{"taxonomy":"post_tag","embeddable":true,"href":"https:\/\/eldiariodesanpedro.com.ar\/sitio\/wp-json\/wp\/v2\/tags?post=73390"}],"curies":[{"name":"wp","href":"https:\/\/api.w.org\/{rel}","templated":true}]}}