{"id":7338,"date":"2016-08-22T10:17:50","date_gmt":"2016-08-22T13:17:50","guid":{"rendered":"https:\/\/eldiariodesanpedro.com.ar\/sitio\/?p=7338"},"modified":"2016-08-22T10:18:43","modified_gmt":"2016-08-22T13:18:43","slug":"buscan-a-una-joven-que-viajaba-a-san-pedro-pero-que-nunca-llego","status":"publish","type":"post","link":"https:\/\/eldiariodesanpedro.com.ar\/sitio\/buscan-a-una-joven-que-viajaba-a-san-pedro-pero-que-nunca-llego\/","title":{"rendered":"Buscan a una joven que viajaba a San Pedro pero que nunca lleg\u00f3"},"content":{"rendered":"<p><!-- VideographyWP Plugin Message: Automatic video embedding prevented by plugin options. --><br \/>\nA trav\u00e9s de Facebook, los familiares de la joven de 22 a\u00f1os dieron a conocer que parti\u00f3 en colectivo hacia nuestra ciudad. Sin embargo, a la terminal de nuestra ciudad nunca arrib\u00f3.<br \/>\n\u201cPor favor si alguien sabe algo o vio a mi hija se llama Natali Yasmin Invernizzi,supuestamente viajaba a San Pedro llegaba 21 hs a San Pedro iba en Chevallier, mi familia fue a buscarla a la terminal de San Pedro y nunca apareci\u00f3\u201d. Y agreg\u00f3: \u201cTiene 22 a\u00f1os, jean, remera azul y botas y una campera roja vest\u00eda, por favor av\u00edsenme, gracias\u201d. <\/p>\n","protected":false},"excerpt":{"rendered":"<p>A trav\u00e9s de Facebook, los familiares de la joven de 22 a\u00f1os dieron a conocer que parti\u00f3 en colectivo hacia nuestra ciudad. Sin embargo, a la terminal de nuestra ciudad nunca arrib\u00f3. \u201cPor favor si alguien sabe algo o vio a mi hija se llama Natali Yasmin Invernizzi,supuestamente viajaba a San Pedro llegaba 21 hs [&hellip;]<\/p>\n","protected":false},"author":4,"featured_media":7342,"comment_status":"open","ping_status":"closed","sticky":false,"template":"","format":"standard","meta":{"om_disable_all_campaigns":false,"_jetpack_memberships_contains_paid_content":false,"footnotes":""},"categories":[50,101,2],"tags":[],"class_list":["post-7338","post","type-post","status-publish","format-standard","has-post-thumbnail","hentry","category-destacadas","category-interes-general-locales","category-locales"],"aioseo_notices":[],"gutentor_comment":0,"jetpack_featured_media_url":"https:\/\/eldiariodesanpedro.com.ar\/sitio\/wp-content\/uploads\/2016\/08\/PAGINA-5-11.jpg","jetpack_shortlink":"https:\/\/wp.me\/p6RhLt-1Um","jetpack_sharing_enabled":true,"_links":{"self":[{"href":"https:\/\/eldiariodesanpedro.com.ar\/sitio\/wp-json\/wp\/v2\/posts\/7338","targetHints":{"allow":["GET"]}}],"collection":[{"href":"https:\/\/eldiariodesanpedro.com.ar\/sitio\/wp-json\/wp\/v2\/posts"}],"about":[{"href":"https:\/\/eldiariodesanpedro.com.ar\/sitio\/wp-json\/wp\/v2\/types\/post"}],"author":[{"embeddable":true,"href":"https:\/\/eldiariodesanpedro.com.ar\/sitio\/wp-json\/wp\/v2\/users\/4"}],"replies":[{"embeddable":true,"href":"https:\/\/eldiariodesanpedro.com.ar\/sitio\/wp-json\/wp\/v2\/comments?post=7338"}],"version-history":[{"count":1,"href":"https:\/\/eldiariodesanpedro.com.ar\/sitio\/wp-json\/wp\/v2\/posts\/7338\/revisions"}],"predecessor-version":[{"id":7340,"href":"https:\/\/eldiariodesanpedro.com.ar\/sitio\/wp-json\/wp\/v2\/posts\/7338\/revisions\/7340"}],"wp:featuredmedia":[{"embeddable":true,"href":"https:\/\/eldiariodesanpedro.com.ar\/sitio\/wp-json\/wp\/v2\/media\/7342"}],"wp:attachment":[{"href":"https:\/\/eldiariodesanpedro.com.ar\/sitio\/wp-json\/wp\/v2\/media?parent=7338"}],"wp:term":[{"taxonomy":"category","embeddable":true,"href":"https:\/\/eldiariodesanpedro.com.ar\/sitio\/wp-json\/wp\/v2\/categories?post=7338"},{"taxonomy":"post_tag","embeddable":true,"href":"https:\/\/eldiariodesanpedro.com.ar\/sitio\/wp-json\/wp\/v2\/tags?post=7338"}],"curies":[{"name":"wp","href":"https:\/\/api.w.org\/{rel}","templated":true}]}}