{"id":7336,"date":"2016-08-22T10:16:41","date_gmt":"2016-08-22T13:16:41","guid":{"rendered":"https:\/\/eldiariodesanpedro.com.ar\/sitio\/?p=7336"},"modified":"2016-08-22T10:16:41","modified_gmt":"2016-08-22T13:16:41","slug":"municipales-el-stm-acepto-el-ofrecimiento-del-departamento-ejecutivo-pero-ate-no","status":"publish","type":"post","link":"https:\/\/eldiariodesanpedro.com.ar\/sitio\/municipales-el-stm-acepto-el-ofrecimiento-del-departamento-ejecutivo-pero-ate-no\/","title":{"rendered":"Municipales: EL STM acept\u00f3 el ofrecimiento del Departamento Ejecutivo, pero ATE no"},"content":{"rendered":"<p><!-- VideographyWP Plugin Message: Automatic video embedding prevented by plugin options. --><br \/>\nSe desarroll\u00f3 en la tarde del viernes una nueva reuni\u00f3n de la Mesa de Relaciones Laborales. Estuvieron presentes los representantes gremiales del Sindicato de Trabajadores Municipales y de ATE, donde recibieron un nuevo ofrecimiento por parte de las autoridades municipales. En esta oportunidad lleg\u00f3 a un 17,5 acumulado, 10% el pr\u00f3ximo mes y un 6,5 en diciembre. Solo acept\u00f3 el STM por el momento, en tanto que la Asociaci\u00f3n de Trabajadores del Estado no estuvo de acuerdo, puesto que est\u00e1n pidiendo un m\u00ednimo de 18%.<br \/>\nA pesar de ello, a\u00fan no se determin\u00f3 si llegar\u00e1n a concretar alguna medida de fuerza la semana pr\u00f3xima.<\/p>\n","protected":false},"excerpt":{"rendered":"<p>Se desarroll\u00f3 en la tarde del viernes una nueva reuni\u00f3n de la Mesa de Relaciones Laborales. Estuvieron presentes los representantes gremiales del Sindicato de Trabajadores Municipales y de ATE, donde recibieron un nuevo ofrecimiento por parte de las autoridades municipales. En esta oportunidad lleg\u00f3 a un 17,5 acumulado, 10% el pr\u00f3ximo mes y un 6,5 [&hellip;]<\/p>\n","protected":false},"author":4,"featured_media":4495,"comment_status":"open","ping_status":"closed","sticky":false,"template":"","format":"standard","meta":{"om_disable_all_campaigns":false,"_jetpack_memberships_contains_paid_content":false,"footnotes":""},"categories":[50,101,2],"tags":[],"class_list":["post-7336","post","type-post","status-publish","format-standard","has-post-thumbnail","hentry","category-destacadas","category-interes-general-locales","category-locales"],"aioseo_notices":[],"gutentor_comment":0,"jetpack_featured_media_url":"https:\/\/eldiariodesanpedro.com.ar\/sitio\/wp-content\/uploads\/2016\/05\/Municipalidad.jpg","jetpack_shortlink":"https:\/\/wp.me\/p6RhLt-1Uk","jetpack_sharing_enabled":true,"_links":{"self":[{"href":"https:\/\/eldiariodesanpedro.com.ar\/sitio\/wp-json\/wp\/v2\/posts\/7336","targetHints":{"allow":["GET"]}}],"collection":[{"href":"https:\/\/eldiariodesanpedro.com.ar\/sitio\/wp-json\/wp\/v2\/posts"}],"about":[{"href":"https:\/\/eldiariodesanpedro.com.ar\/sitio\/wp-json\/wp\/v2\/types\/post"}],"author":[{"embeddable":true,"href":"https:\/\/eldiariodesanpedro.com.ar\/sitio\/wp-json\/wp\/v2\/users\/4"}],"replies":[{"embeddable":true,"href":"https:\/\/eldiariodesanpedro.com.ar\/sitio\/wp-json\/wp\/v2\/comments?post=7336"}],"version-history":[{"count":1,"href":"https:\/\/eldiariodesanpedro.com.ar\/sitio\/wp-json\/wp\/v2\/posts\/7336\/revisions"}],"predecessor-version":[{"id":7337,"href":"https:\/\/eldiariodesanpedro.com.ar\/sitio\/wp-json\/wp\/v2\/posts\/7336\/revisions\/7337"}],"wp:featuredmedia":[{"embeddable":true,"href":"https:\/\/eldiariodesanpedro.com.ar\/sitio\/wp-json\/wp\/v2\/media\/4495"}],"wp:attachment":[{"href":"https:\/\/eldiariodesanpedro.com.ar\/sitio\/wp-json\/wp\/v2\/media?parent=7336"}],"wp:term":[{"taxonomy":"category","embeddable":true,"href":"https:\/\/eldiariodesanpedro.com.ar\/sitio\/wp-json\/wp\/v2\/categories?post=7336"},{"taxonomy":"post_tag","embeddable":true,"href":"https:\/\/eldiariodesanpedro.com.ar\/sitio\/wp-json\/wp\/v2\/tags?post=7336"}],"curies":[{"name":"wp","href":"https:\/\/api.w.org\/{rel}","templated":true}]}}