{"id":7333,"date":"2016-08-22T10:13:35","date_gmt":"2016-08-22T13:13:35","guid":{"rendered":"https:\/\/eldiariodesanpedro.com.ar\/sitio\/?p=7333"},"modified":"2016-08-22T10:13:35","modified_gmt":"2016-08-22T13:13:35","slug":"jornada-adios-a-las-casuarinas","status":"publish","type":"post","link":"https:\/\/eldiariodesanpedro.com.ar\/sitio\/jornada-adios-a-las-casuarinas\/","title":{"rendered":"Jornada: \u00bfAdi\u00f3s a las casuarinas?"},"content":{"rendered":"<p><!-- VideographyWP Plugin Message: Automatic video embedding prevented by plugin options. --><br \/>\nEl INTA organiza una charla el mi\u00e9rcoles 24 de agosto que abordar\u00e1 el problema sanitario que afecta a esta especie utilizada como cortina rompeviento en los montes frutales. Un especialista de INTA Concordia compartir\u00e1 su experiencia con productores y profesionales para advertir sobre la problem\u00e1tica detectada en algunas zonas de Entre R\u00edos.<br \/>\nLos primeros s\u00edntomas del proceso de decaimiento y muerte de las casuarinas comenzaron a hacerse visibles en la zona de Chajar\u00ed en el 2006, y se han expandido hacia el norte y sur de la regi\u00f3n citr\u00edcola. As\u00ed lo explica Sergio Ramos, especialista del INTA Concordia, quien compartir\u00e1 esta experiencia con productores y profesionales vinculados a la actividad citr\u00edcola en un encuentro a realizarse el mi\u00e9rcoles 24 de agosto. La convocatoria es a partir de las 18.30 en la Agencia de Extensi\u00f3n Rural en Mitre 299, luego de una recorrida que realizar\u00e1 junto a t\u00e9cnicos locales para evaluar algunas cortinas en Alsina, San Pedro, La Buena Moza, Tablas y Gobernador Castro.<br \/>\n\u00abLa reuni\u00f3n pretende ser un espacio para poner en conocimiento a los productores y profesionales sobre esta situaci\u00f3n, y estar alerta ante la posibilidad de su detecci\u00f3n en algunas de las zonas productivas locales, para que puedan tomarse las medidas recomendadas\u00bb, manifest\u00f3 Norberto Angel, responsable de la organizaci\u00f3n de la jornada.<br \/>\nEl problema de las casuarinas, donde las plantas pierden su vigor hasta secarse, se extiende por los departamentos de Federaci\u00f3n y Concordia, incluso el departamento de Salto (Uruguay), donde estas son utilizadas como cortinas en las plantaciones frutales. \u201cAqu\u00ed las casuarinas est\u00e1n muriendo aparentemente producto del ataque de escarabajos de ambros\u00eda\u201d, explica Ramos y contin\u00faa: \u201cEstos insectos realizan galer\u00edas en el tronco pero no se alimentan de la madera; ellos cultivan hongos que son la base de su alimentaci\u00f3n tanto en el estadio larval como en el adulto\u201d. Se han identificado al menos cuatro especies que atacan a \u00e1rboles sanos. \u201cAlgunos de los hongos transportados (\u2026) colonizan la madera provocando obstrucci\u00f3n en el transporte de agua y nutrientes, provocando finalmente la muerte de la planta\u201d, indic\u00f3.<br \/>\nSeg\u00fan el informe de Ramos, \u201cel decaimiento y muerte de casuarinas se da en \u00e1rboles adultos de alrededor de 20 cm de di\u00e1metro a la altura del pecho, y no tiene relaci\u00f3n con las condiciones del sitio, sino que se da tanto en lugares de suelo arcilloso pesado como en suelos arenosos sueltos, y es posible identificar los \u00e1rboles atacados a\u00fan cuando est\u00e1n sanos, con la copa entera y en plena actividad en el suelo pr\u00f3ximo a la planta y alrededor de los orificios se puede observar restos de madera triturada\u201d.<br \/>\nHay algunas alternativas de manejo que se pueden adoptar para combatir estos insectos, entre ellas el cambio de especies como pinos o eucaliptos, por la que algunos productores ya han optado en aquella zona, por ser resistentes a estos insectos.<\/p>\n","protected":false},"excerpt":{"rendered":"<p>El INTA organiza una charla el mi\u00e9rcoles 24 de agosto que abordar\u00e1 el problema sanitario que afecta a esta especie utilizada como cortina rompeviento en los montes frutales. Un especialista de INTA Concordia compartir\u00e1 su experiencia con productores y profesionales para advertir sobre la problem\u00e1tica detectada en algunas zonas de Entre R\u00edos. Los primeros s\u00edntomas [&hellip;]<\/p>\n","protected":false},"author":4,"featured_media":7334,"comment_status":"open","ping_status":"closed","sticky":false,"template":"","format":"standard","meta":{"om_disable_all_campaigns":false,"_jetpack_memberships_contains_paid_content":false,"footnotes":""},"categories":[101,2],"tags":[],"class_list":["post-7333","post","type-post","status-publish","format-standard","has-post-thumbnail","hentry","category-interes-general-locales","category-locales"],"aioseo_notices":[],"gutentor_comment":0,"jetpack_featured_media_url":"https:\/\/eldiariodesanpedro.com.ar\/sitio\/wp-content\/uploads\/2016\/08\/casuarina-citrico_1.jpg","jetpack_shortlink":"https:\/\/wp.me\/p6RhLt-1Uh","jetpack_sharing_enabled":true,"_links":{"self":[{"href":"https:\/\/eldiariodesanpedro.com.ar\/sitio\/wp-json\/wp\/v2\/posts\/7333","targetHints":{"allow":["GET"]}}],"collection":[{"href":"https:\/\/eldiariodesanpedro.com.ar\/sitio\/wp-json\/wp\/v2\/posts"}],"about":[{"href":"https:\/\/eldiariodesanpedro.com.ar\/sitio\/wp-json\/wp\/v2\/types\/post"}],"author":[{"embeddable":true,"href":"https:\/\/eldiariodesanpedro.com.ar\/sitio\/wp-json\/wp\/v2\/users\/4"}],"replies":[{"embeddable":true,"href":"https:\/\/eldiariodesanpedro.com.ar\/sitio\/wp-json\/wp\/v2\/comments?post=7333"}],"version-history":[{"count":1,"href":"https:\/\/eldiariodesanpedro.com.ar\/sitio\/wp-json\/wp\/v2\/posts\/7333\/revisions"}],"predecessor-version":[{"id":7335,"href":"https:\/\/eldiariodesanpedro.com.ar\/sitio\/wp-json\/wp\/v2\/posts\/7333\/revisions\/7335"}],"wp:featuredmedia":[{"embeddable":true,"href":"https:\/\/eldiariodesanpedro.com.ar\/sitio\/wp-json\/wp\/v2\/media\/7334"}],"wp:attachment":[{"href":"https:\/\/eldiariodesanpedro.com.ar\/sitio\/wp-json\/wp\/v2\/media?parent=7333"}],"wp:term":[{"taxonomy":"category","embeddable":true,"href":"https:\/\/eldiariodesanpedro.com.ar\/sitio\/wp-json\/wp\/v2\/categories?post=7333"},{"taxonomy":"post_tag","embeddable":true,"href":"https:\/\/eldiariodesanpedro.com.ar\/sitio\/wp-json\/wp\/v2\/tags?post=7333"}],"curies":[{"name":"wp","href":"https:\/\/api.w.org\/{rel}","templated":true}]}}