{"id":7326,"date":"2016-08-19T19:29:20","date_gmt":"2016-08-19T22:29:20","guid":{"rendered":"https:\/\/eldiariodesanpedro.com.ar\/sitio\/?p=7326"},"modified":"2016-08-19T19:29:20","modified_gmt":"2016-08-19T22:29:20","slug":"el-ministro-de-educacion-bonaerense-participara-de-la-inauguracion-del-jardin-no-918","status":"publish","type":"post","link":"https:\/\/eldiariodesanpedro.com.ar\/sitio\/el-ministro-de-educacion-bonaerense-participara-de-la-inauguracion-del-jardin-no-918\/","title":{"rendered":"El ministro de Educaci\u00f3n bonaerense participar\u00e1 de la inauguraci\u00f3n del Jard\u00edn N\u00ba 918"},"content":{"rendered":"<p><!-- VideographyWP Plugin Message: Automatic video embedding prevented by plugin options. --><br \/>\nAlejandro Finocchiaro llegar\u00e1 a la ciudad el lunes pr\u00f3ximo al celebrarse la puesta en marcha del establecimiento educativo. Se har\u00e1 un acto en las nuevas instalaciones.<br \/>\nEsta semana, con la presencia del intendente, Cecilio Salazar, se llev\u00f3 a cabo la finalizaci\u00f3n de las obras del Jard\u00edn de Infantes N\u00b0 918 de la ciudad de San Pedro. En este sentido, se termin\u00f3 de construir el edificio que albergar\u00e1 a los ni\u00f1os tras un plazo de cuatro meses de trabajo.<br \/>\nAsimismo, se inform\u00f3 que el pr\u00f3ximo lunes 22 en el horario de las 10.00 se realizar\u00e1 la inauguraci\u00f3n oficial con la apertura de las puertas del nuevo establecimiento educativo. Por tal motivo, desde el municipio invitan a todos los vecinos a formar parte de este acontecimiento.<br \/>\nLa construcci\u00f3n del Jard\u00edn cont\u00f3 con el apoyo de la gobernadora Mar\u00eda Eugenia Vidal, y el costo super\u00f3 apenas los 500 mil pesos. Entre las obras realizadas se destacan las refacciones que se hicieron en las instalaciones y sanitarios, m\u00e1s algunos trabajos de carpinter\u00eda. <\/p>\n","protected":false},"excerpt":{"rendered":"<p>Alejandro Finocchiaro llegar\u00e1 a la ciudad el lunes pr\u00f3ximo al celebrarse la puesta en marcha del establecimiento educativo. Se har\u00e1 un acto en las nuevas instalaciones. Esta semana, con la presencia del intendente, Cecilio Salazar, se llev\u00f3 a cabo la finalizaci\u00f3n de las obras del Jard\u00edn de Infantes N\u00b0 918 de la ciudad de San [&hellip;]<\/p>\n","protected":false},"author":4,"featured_media":7327,"comment_status":"open","ping_status":"closed","sticky":false,"template":"","format":"standard","meta":{"om_disable_all_campaigns":false,"_jetpack_memberships_contains_paid_content":false,"footnotes":""},"categories":[50,2,102],"tags":[],"class_list":["post-7326","post","type-post","status-publish","format-standard","has-post-thumbnail","hentry","category-destacadas","category-locales","category-politica-locales"],"aioseo_notices":[],"gutentor_comment":0,"jetpack_featured_media_url":"https:\/\/eldiariodesanpedro.com.ar\/sitio\/wp-content\/uploads\/2016\/08\/PAGINA-3-13.jpg","jetpack_shortlink":"https:\/\/wp.me\/p6RhLt-1Ua","jetpack_sharing_enabled":true,"_links":{"self":[{"href":"https:\/\/eldiariodesanpedro.com.ar\/sitio\/wp-json\/wp\/v2\/posts\/7326","targetHints":{"allow":["GET"]}}],"collection":[{"href":"https:\/\/eldiariodesanpedro.com.ar\/sitio\/wp-json\/wp\/v2\/posts"}],"about":[{"href":"https:\/\/eldiariodesanpedro.com.ar\/sitio\/wp-json\/wp\/v2\/types\/post"}],"author":[{"embeddable":true,"href":"https:\/\/eldiariodesanpedro.com.ar\/sitio\/wp-json\/wp\/v2\/users\/4"}],"replies":[{"embeddable":true,"href":"https:\/\/eldiariodesanpedro.com.ar\/sitio\/wp-json\/wp\/v2\/comments?post=7326"}],"version-history":[{"count":1,"href":"https:\/\/eldiariodesanpedro.com.ar\/sitio\/wp-json\/wp\/v2\/posts\/7326\/revisions"}],"predecessor-version":[{"id":7328,"href":"https:\/\/eldiariodesanpedro.com.ar\/sitio\/wp-json\/wp\/v2\/posts\/7326\/revisions\/7328"}],"wp:featuredmedia":[{"embeddable":true,"href":"https:\/\/eldiariodesanpedro.com.ar\/sitio\/wp-json\/wp\/v2\/media\/7327"}],"wp:attachment":[{"href":"https:\/\/eldiariodesanpedro.com.ar\/sitio\/wp-json\/wp\/v2\/media?parent=7326"}],"wp:term":[{"taxonomy":"category","embeddable":true,"href":"https:\/\/eldiariodesanpedro.com.ar\/sitio\/wp-json\/wp\/v2\/categories?post=7326"},{"taxonomy":"post_tag","embeddable":true,"href":"https:\/\/eldiariodesanpedro.com.ar\/sitio\/wp-json\/wp\/v2\/tags?post=7326"}],"curies":[{"name":"wp","href":"https:\/\/api.w.org\/{rel}","templated":true}]}}