{"id":73253,"date":"2020-05-07T11:28:19","date_gmt":"2020-05-07T14:28:19","guid":{"rendered":"https:\/\/eldiariodesanpedro.com.ar\/sitio\/?p=73253"},"modified":"2020-05-07T11:28:21","modified_gmt":"2020-05-07T14:28:21","slug":"roberto-ramon-romero-fue-denunciado-por-abuso-sexual-en-san-nicolas","status":"publish","type":"post","link":"https:\/\/eldiariodesanpedro.com.ar\/sitio\/roberto-ramon-romero-fue-denunciado-por-abuso-sexual-en-san-nicolas\/","title":{"rendered":"Roberto Ram\u00f3n Romero fue denunciado por abuso sexual en San Nicol\u00e1s"},"content":{"rendered":"<!-- VideographyWP Plugin Message: Automatic video embedding prevented by plugin options. -->\n\n<p>La joven a la cual el imputado cita en un audio que se viraliz\u00f3 tras el asesinato de su esposa, se present\u00f3 el mi\u00e9rcoles por la ma\u00f1ana en San Nicol\u00e1s y denunci\u00f3 haber sido abusada por el pr\u00f3fugo en reiteradas ocasiones.<\/p>\n\n\n\n<p>El pr\u00f3fugo Roberto Ram\u00f3n Romero deber\u00e1 afrontar una nueva causa en su contra. El femicida de Mar\u00eda Esperanza Fern\u00e1ndez ya afrontaba una causa caratulada como Homicidio Triplemente Calificado y ahora se le suma una denuncia en su contra que ha sido certificada por la fiscal Viviana Ramos como Abuso Sexual.<\/p>\n\n\n\n<p>Tras el asesinato de su esposa de 43 a\u00f1os el pasado domingo, fue tomando mayor volumen la versi\u00f3n de un presunto abuso sexual cometido por el propio Romero contra una joven a la que el sospechoso cita en un audio que se viraliz\u00f3 tras el hecho y donde hac\u00eda referencia a una supuesta relaci\u00f3n amorosa entre ambos.<\/p>\n\n\n\n<p>En la ma\u00f1ana del mi\u00e9rcoles, la mujer de 23 a\u00f1os fue convocada por las autoridades judiciales para presentarse en la Fiscal\u00eda General de San Nicol\u00e1s en donde se le realiz\u00f3 una pericia victimol\u00f3gica ante una psic\u00f3loga del Centro de Asistencia a la Victima.<\/p>\n\n\n\n<p>All\u00ed la joven hizo referencia a lo que le ven\u00eda sucediendo desde hace varios a\u00f1os y autom\u00e1ticamente la fiscal Ramos inici\u00f3 unan nueva causa que va a la par del caso que se investiga desde el domingo.<\/p>\n\n\n\n<p>Mientras tanto Ram\u00f3n Romero contin\u00faa sin aparecer aunque la polic\u00eda hall\u00f3 durante el rastrillaje del mi\u00e9rcoles algunas pertenencias que indican que el sospechoso deambula por la zona rural oeste del partido de San Pedro.<\/p>\n\n\n\n<p>Fuente: <a href=\"https:\/\/www.sanpedroinforma.com.ar\/nota\/123272\/interes-general\/ramon-romero-fue-denunciado-por-abuso-sexual.html\">San Pedro Infroma<\/a><\/p>\n","protected":false},"excerpt":{"rendered":"<p>La joven a la cual el imputado cita en un audio que se viraliz\u00f3 tras el asesinato de su esposa, se present\u00f3 el mi\u00e9rcoles por la ma\u00f1ana en San Nicol\u00e1s y denunci\u00f3 haber sido abusada por el pr\u00f3fugo en reiteradas ocasiones. El pr\u00f3fugo Roberto Ram\u00f3n Romero deber\u00e1 afrontar una nueva causa en su contra. El [&hellip;]<\/p>\n","protected":false},"author":4,"featured_media":73034,"comment_status":"open","ping_status":"closed","sticky":false,"template":"","format":"standard","meta":{"om_disable_all_campaigns":false,"_jetpack_memberships_contains_paid_content":false,"footnotes":""},"categories":[50,2,103],"tags":[1025,39,752,95,1040],"class_list":["post-73253","post","type-post","status-publish","format-standard","has-post-thumbnail","hentry","category-destacadas","category-locales","category-policiales-locales","tag-abuso-sexual","tag-denuncia","tag-policailes","tag-policiales","tag-san-pedro-buenos-aires"],"aioseo_notices":[],"gutentor_comment":0,"jetpack_featured_media_url":"https:\/\/eldiariodesanpedro.com.ar\/sitio\/wp-content\/uploads\/2020\/05\/Sin-t\u00edtulo-1.jpg","jetpack_shortlink":"https:\/\/wp.me\/p6RhLt-j3v","jetpack_sharing_enabled":true,"_links":{"self":[{"href":"https:\/\/eldiariodesanpedro.com.ar\/sitio\/wp-json\/wp\/v2\/posts\/73253","targetHints":{"allow":["GET"]}}],"collection":[{"href":"https:\/\/eldiariodesanpedro.com.ar\/sitio\/wp-json\/wp\/v2\/posts"}],"about":[{"href":"https:\/\/eldiariodesanpedro.com.ar\/sitio\/wp-json\/wp\/v2\/types\/post"}],"author":[{"embeddable":true,"href":"https:\/\/eldiariodesanpedro.com.ar\/sitio\/wp-json\/wp\/v2\/users\/4"}],"replies":[{"embeddable":true,"href":"https:\/\/eldiariodesanpedro.com.ar\/sitio\/wp-json\/wp\/v2\/comments?post=73253"}],"version-history":[{"count":1,"href":"https:\/\/eldiariodesanpedro.com.ar\/sitio\/wp-json\/wp\/v2\/posts\/73253\/revisions"}],"predecessor-version":[{"id":73254,"href":"https:\/\/eldiariodesanpedro.com.ar\/sitio\/wp-json\/wp\/v2\/posts\/73253\/revisions\/73254"}],"wp:featuredmedia":[{"embeddable":true,"href":"https:\/\/eldiariodesanpedro.com.ar\/sitio\/wp-json\/wp\/v2\/media\/73034"}],"wp:attachment":[{"href":"https:\/\/eldiariodesanpedro.com.ar\/sitio\/wp-json\/wp\/v2\/media?parent=73253"}],"wp:term":[{"taxonomy":"category","embeddable":true,"href":"https:\/\/eldiariodesanpedro.com.ar\/sitio\/wp-json\/wp\/v2\/categories?post=73253"},{"taxonomy":"post_tag","embeddable":true,"href":"https:\/\/eldiariodesanpedro.com.ar\/sitio\/wp-json\/wp\/v2\/tags?post=73253"}],"curies":[{"name":"wp","href":"https:\/\/api.w.org\/{rel}","templated":true}]}}