{"id":73244,"date":"2020-05-07T10:51:42","date_gmt":"2020-05-07T13:51:42","guid":{"rendered":"https:\/\/eldiariodesanpedro.com.ar\/sitio\/?p=73244"},"modified":"2020-05-07T10:51:45","modified_gmt":"2020-05-07T13:51:45","slug":"denuncia-por-un-posible-cuento-del-tio","status":"publish","type":"post","link":"https:\/\/eldiariodesanpedro.com.ar\/sitio\/denuncia-por-un-posible-cuento-del-tio\/","title":{"rendered":"Denuncia por un posible cuento del t\u00edo"},"content":{"rendered":"<!-- VideographyWP Plugin Message: Automatic video embedding prevented by plugin options. -->\n\n<p>Este mi\u00e9rcoles un ciudadano de 39 a\u00f1os se acerc\u00f3 hasta la comisar\u00eda local para denunciar que recibe llamado de sujeto quien le manifiesta que otra persona, le vendi\u00f3 un motor de una camioneta en el valor de $45.000, a nombre de la empresa de la que \u00e9l es socio gerente.&nbsp;<\/p>\n\n\n\n<p>El denunciante al desconocer dicho negocio y manifiesta que no tiene nada que ver con la venta de ning\u00fan&nbsp; motor.<\/p>\n","protected":false},"excerpt":{"rendered":"<p>Este mi\u00e9rcoles un ciudadano de 39 a\u00f1os se acerc\u00f3 hasta la comisar\u00eda local para denunciar que recibe llamado de sujeto quien le manifiesta que otra persona, le vendi\u00f3 un motor de una camioneta en el valor de $45.000, a nombre de la empresa de la que \u00e9l es socio gerente.&nbsp; El denunciante al desconocer dicho [&hellip;]<\/p>\n","protected":false},"author":4,"featured_media":72234,"comment_status":"open","ping_status":"closed","sticky":false,"template":"","format":"standard","meta":{"om_disable_all_campaigns":false,"_jetpack_memberships_contains_paid_content":false,"footnotes":""},"categories":[2,103],"tags":[197,1039,39,33,19],"class_list":["post-73244","post","type-post","status-publish","format-standard","has-post-thumbnail","hentry","category-locales","category-policiales-locales","tag-buenos-aires","tag-cuento-del-tio","tag-denuncia","tag-locales","tag-san-pedro"],"aioseo_notices":[],"gutentor_comment":0,"jetpack_featured_media_url":"https:\/\/eldiariodesanpedro.com.ar\/sitio\/wp-content\/uploads\/2020\/04\/94386735_2456112844698928_6179218677670346752_o_658x400.jpg","jetpack_shortlink":"https:\/\/wp.me\/p6RhLt-j3m","jetpack_sharing_enabled":true,"_links":{"self":[{"href":"https:\/\/eldiariodesanpedro.com.ar\/sitio\/wp-json\/wp\/v2\/posts\/73244","targetHints":{"allow":["GET"]}}],"collection":[{"href":"https:\/\/eldiariodesanpedro.com.ar\/sitio\/wp-json\/wp\/v2\/posts"}],"about":[{"href":"https:\/\/eldiariodesanpedro.com.ar\/sitio\/wp-json\/wp\/v2\/types\/post"}],"author":[{"embeddable":true,"href":"https:\/\/eldiariodesanpedro.com.ar\/sitio\/wp-json\/wp\/v2\/users\/4"}],"replies":[{"embeddable":true,"href":"https:\/\/eldiariodesanpedro.com.ar\/sitio\/wp-json\/wp\/v2\/comments?post=73244"}],"version-history":[{"count":1,"href":"https:\/\/eldiariodesanpedro.com.ar\/sitio\/wp-json\/wp\/v2\/posts\/73244\/revisions"}],"predecessor-version":[{"id":73245,"href":"https:\/\/eldiariodesanpedro.com.ar\/sitio\/wp-json\/wp\/v2\/posts\/73244\/revisions\/73245"}],"wp:featuredmedia":[{"embeddable":true,"href":"https:\/\/eldiariodesanpedro.com.ar\/sitio\/wp-json\/wp\/v2\/media\/72234"}],"wp:attachment":[{"href":"https:\/\/eldiariodesanpedro.com.ar\/sitio\/wp-json\/wp\/v2\/media?parent=73244"}],"wp:term":[{"taxonomy":"category","embeddable":true,"href":"https:\/\/eldiariodesanpedro.com.ar\/sitio\/wp-json\/wp\/v2\/categories?post=73244"},{"taxonomy":"post_tag","embeddable":true,"href":"https:\/\/eldiariodesanpedro.com.ar\/sitio\/wp-json\/wp\/v2\/tags?post=73244"}],"curies":[{"name":"wp","href":"https:\/\/api.w.org\/{rel}","templated":true}]}}