{"id":73242,"date":"2020-05-07T10:46:50","date_gmt":"2020-05-07T13:46:50","guid":{"rendered":"https:\/\/eldiariodesanpedro.com.ar\/sitio\/?p=73242"},"modified":"2020-05-07T10:46:52","modified_gmt":"2020-05-07T13:46:52","slug":"roban-una-bicicleta-en-la-via-publica-2","status":"publish","type":"post","link":"https:\/\/eldiariodesanpedro.com.ar\/sitio\/roban-una-bicicleta-en-la-via-publica-2\/","title":{"rendered":"Roban una bicicleta en la v\u00eda p\u00fablica"},"content":{"rendered":"<!-- VideographyWP Plugin Message: Automatic video embedding prevented by plugin options. -->\n\n<p>Este mi\u00e9rcoles se recibi\u00f3 la denuncia de una ciudadano de 39 a\u00f1os, que momentos se encontraba podando una planta en Las Provincias y Balcarce, se le acerca otro sujeto le sustrae la bicicleta que se encontraba apoyada sin candado d\u00e1ndose a la fuga.<\/p>\n\n\n\n<p>La polic\u00eda de nuestra ciudad realiza investigaciones para dar con el paradero del rodado.<\/p>\n","protected":false},"excerpt":{"rendered":"<p>Este mi\u00e9rcoles se recibi\u00f3 la denuncia de una ciudadano de 39 a\u00f1os, que momentos se encontraba podando una planta en Las Provincias y Balcarce, se le acerca otro sujeto le sustrae la bicicleta que se encontraba apoyada sin candado d\u00e1ndose a la fuga. La polic\u00eda de nuestra ciudad realiza investigaciones para dar con el paradero [&hellip;]<\/p>\n","protected":false},"author":4,"featured_media":72529,"comment_status":"open","ping_status":"closed","sticky":false,"template":"","format":"standard","meta":{"om_disable_all_campaigns":false,"_jetpack_memberships_contains_paid_content":false,"footnotes":""},"categories":[2,103],"tags":[197,33,680,19],"class_list":["post-73242","post","type-post","status-publish","format-standard","has-post-thumbnail","hentry","category-locales","category-policiales-locales","tag-buenos-aires","tag-locales","tag-robo","tag-san-pedro"],"aioseo_notices":[],"gutentor_comment":0,"jetpack_featured_media_url":"https:\/\/eldiariodesanpedro.com.ar\/sitio\/wp-content\/uploads\/2020\/04\/DSC_0094-scaled-e1587677024138.jpg","jetpack_shortlink":"https:\/\/wp.me\/p6RhLt-j3k","jetpack_sharing_enabled":true,"_links":{"self":[{"href":"https:\/\/eldiariodesanpedro.com.ar\/sitio\/wp-json\/wp\/v2\/posts\/73242","targetHints":{"allow":["GET"]}}],"collection":[{"href":"https:\/\/eldiariodesanpedro.com.ar\/sitio\/wp-json\/wp\/v2\/posts"}],"about":[{"href":"https:\/\/eldiariodesanpedro.com.ar\/sitio\/wp-json\/wp\/v2\/types\/post"}],"author":[{"embeddable":true,"href":"https:\/\/eldiariodesanpedro.com.ar\/sitio\/wp-json\/wp\/v2\/users\/4"}],"replies":[{"embeddable":true,"href":"https:\/\/eldiariodesanpedro.com.ar\/sitio\/wp-json\/wp\/v2\/comments?post=73242"}],"version-history":[{"count":1,"href":"https:\/\/eldiariodesanpedro.com.ar\/sitio\/wp-json\/wp\/v2\/posts\/73242\/revisions"}],"predecessor-version":[{"id":73243,"href":"https:\/\/eldiariodesanpedro.com.ar\/sitio\/wp-json\/wp\/v2\/posts\/73242\/revisions\/73243"}],"wp:featuredmedia":[{"embeddable":true,"href":"https:\/\/eldiariodesanpedro.com.ar\/sitio\/wp-json\/wp\/v2\/media\/72529"}],"wp:attachment":[{"href":"https:\/\/eldiariodesanpedro.com.ar\/sitio\/wp-json\/wp\/v2\/media?parent=73242"}],"wp:term":[{"taxonomy":"category","embeddable":true,"href":"https:\/\/eldiariodesanpedro.com.ar\/sitio\/wp-json\/wp\/v2\/categories?post=73242"},{"taxonomy":"post_tag","embeddable":true,"href":"https:\/\/eldiariodesanpedro.com.ar\/sitio\/wp-json\/wp\/v2\/tags?post=73242"}],"curies":[{"name":"wp","href":"https:\/\/api.w.org\/{rel}","templated":true}]}}