{"id":7323,"date":"2016-08-19T19:28:24","date_gmt":"2016-08-19T22:28:24","guid":{"rendered":"https:\/\/eldiariodesanpedro.com.ar\/sitio\/?p=7323"},"modified":"2016-08-19T19:28:24","modified_gmt":"2016-08-19T22:28:24","slug":"dietrich-e-iguacel-recorrieron-la-ciudad-junto-con-salazar","status":"publish","type":"post","link":"https:\/\/eldiariodesanpedro.com.ar\/sitio\/dietrich-e-iguacel-recorrieron-la-ciudad-junto-con-salazar\/","title":{"rendered":"Dietrich e Iguacel recorrieron la ciudad junto con Salazar"},"content":{"rendered":"<p><!-- VideographyWP Plugin Message: Automatic video embedding prevented by plugin options. --><br \/>\nTal cual se hab\u00eda anunciado, arrib\u00f3 a la ciudad este viernes el Ministro de Transporte de la Naci\u00f3n, Guillermo Dietrich, y lo hizo acompa\u00f1ado del director Nacional de Vialidad, Javier Iguacel.<br \/>\nEn cercan\u00edas a las obras que se desarrollan en el ingreso a la ciudad, se brind\u00f3 una conferencia de prensa. En principio, el intendente Salazar agradeci\u00f3 la presencia de ambos funcionarios en la ciudad y asegur\u00f3: \u201cEl gobierno est\u00e1 cumpliendo su palabra\u201d y \u201cnosotros tambi\u00e9n en el municipio estamos haciendo un esfuerzo enorme\u201d.<br \/>\nCon la ruta 1001 de fondo a la conferencia, el mandatario comunal dijo: \u201cEsta para nosotros es una obra emblem\u00e1tica, se perdieron muchas vida en la anterior gesti\u00f3n y ahora vemos que este gobierno da la palabra y cumple\u201d.<br \/>\nPor su parte, Dietrich record\u00f3 que hab\u00eda estado en campa\u00f1a en nuestra ciudad y que al transitar la destruida arteria \u201cqued\u00f3 reflejada en mi memoria como una muestra de la desidia de la provincia de Buenos Aires\u201d.<br \/>\nEn ese sentido, agreg\u00f3: \u201cEsta obra es parte de un plan enorme de reconstrucci\u00f3n de infraestructura que tenemos que busca mejorar la log\u00edstica en nuestro pa\u00eds. Ac\u00e1 estamos con una ruta que conecta el puerto y empresas como la que fuimos a ver reci\u00e9n, Prear, que tambi\u00e9n se va a reactivar con la compra de durmientes que va a hacer el Gobierno Nacional\u201d.<br \/>\n\u201cEsta es la econom\u00eda que empieza a moverse\u201d y \u201ctodo esto va a impactar en el mejoramiento de la situaci\u00f3n y claramente que San Pedro sea cada vez m\u00e1s atractivo para recibir inversiones y obviamente el impacto de la seguridad vial\u201d, sostuvo.<br \/>\nTambi\u00e9n se refiri\u00f3 a los trabajos ferroviarios en el ramal Buenos Aires-Rosario y se refiri\u00f3 tambi\u00e9n al Belgrano Cargas que pasa por Pueblo Doyle y Santa Luc\u00eda. \u201cLamentablemente la infraestructura ferroviaria ha quedado muy relegada en nuestro pa\u00eds en las \u00faltimas d\u00e9cadas, es enorme el desaf\u00edo de recuperarlo\u201d, dijo.<br \/>\nY confirm\u00f3: \u201cEn esta etapa estamos abocados a recuperar los 1500 km entre el norte del pa\u00eds y el puerto de Rosario, es muy importante para que la mercader\u00eda llegue en mejores condiciones y despu\u00e9s en el futuro iremos trabajando en otros ramales\u201d.<br \/>\nEn tanto, Iguacel sostuvo: \u201cLo que hicimos es mejorar la calidad de las normas constructivas, entre ellas la demarcaci\u00f3n horizontal y vertical, eso incluye hacer m\u00e1s anchas las cintas de pintura, que sean reflectivas, poner tachas reflectivas que son mejores hasta mejores que la iluminaci\u00f3n porque no encandilan y cuidamos la energ\u00eda\u201d.<br \/>\nY adem\u00e1s se refiri\u00f3 a las obras en la ruta 9: \u201cEsta semana comenz\u00f3 toda la repavimentaci\u00f3n con bacheo profundo de la autopista desde San Pedro hasta Rosario\u201d.<\/p>\n","protected":false},"excerpt":{"rendered":"<p>Tal cual se hab\u00eda anunciado, arrib\u00f3 a la ciudad este viernes el Ministro de Transporte de la Naci\u00f3n, Guillermo Dietrich, y lo hizo acompa\u00f1ado del director Nacional de Vialidad, Javier Iguacel. En cercan\u00edas a las obras que se desarrollan en el ingreso a la ciudad, se brind\u00f3 una conferencia de prensa. En principio, el intendente [&hellip;]<\/p>\n","protected":false},"author":4,"featured_media":7324,"comment_status":"open","ping_status":"closed","sticky":false,"template":"","format":"standard","meta":{"om_disable_all_campaigns":false,"_jetpack_memberships_contains_paid_content":false,"footnotes":""},"categories":[50,2,102],"tags":[],"class_list":["post-7323","post","type-post","status-publish","format-standard","has-post-thumbnail","hentry","category-destacadas","category-locales","category-politica-locales"],"aioseo_notices":[],"gutentor_comment":0,"jetpack_featured_media_url":"https:\/\/eldiariodesanpedro.com.ar\/sitio\/wp-content\/uploads\/2016\/08\/dietrich.jpg","jetpack_shortlink":"https:\/\/wp.me\/p6RhLt-1U7","jetpack_sharing_enabled":true,"_links":{"self":[{"href":"https:\/\/eldiariodesanpedro.com.ar\/sitio\/wp-json\/wp\/v2\/posts\/7323","targetHints":{"allow":["GET"]}}],"collection":[{"href":"https:\/\/eldiariodesanpedro.com.ar\/sitio\/wp-json\/wp\/v2\/posts"}],"about":[{"href":"https:\/\/eldiariodesanpedro.com.ar\/sitio\/wp-json\/wp\/v2\/types\/post"}],"author":[{"embeddable":true,"href":"https:\/\/eldiariodesanpedro.com.ar\/sitio\/wp-json\/wp\/v2\/users\/4"}],"replies":[{"embeddable":true,"href":"https:\/\/eldiariodesanpedro.com.ar\/sitio\/wp-json\/wp\/v2\/comments?post=7323"}],"version-history":[{"count":1,"href":"https:\/\/eldiariodesanpedro.com.ar\/sitio\/wp-json\/wp\/v2\/posts\/7323\/revisions"}],"predecessor-version":[{"id":7325,"href":"https:\/\/eldiariodesanpedro.com.ar\/sitio\/wp-json\/wp\/v2\/posts\/7323\/revisions\/7325"}],"wp:featuredmedia":[{"embeddable":true,"href":"https:\/\/eldiariodesanpedro.com.ar\/sitio\/wp-json\/wp\/v2\/media\/7324"}],"wp:attachment":[{"href":"https:\/\/eldiariodesanpedro.com.ar\/sitio\/wp-json\/wp\/v2\/media?parent=7323"}],"wp:term":[{"taxonomy":"category","embeddable":true,"href":"https:\/\/eldiariodesanpedro.com.ar\/sitio\/wp-json\/wp\/v2\/categories?post=7323"},{"taxonomy":"post_tag","embeddable":true,"href":"https:\/\/eldiariodesanpedro.com.ar\/sitio\/wp-json\/wp\/v2\/tags?post=7323"}],"curies":[{"name":"wp","href":"https:\/\/api.w.org\/{rel}","templated":true}]}}