{"id":7320,"date":"2016-08-19T19:23:39","date_gmt":"2016-08-19T22:23:39","guid":{"rendered":"https:\/\/eldiariodesanpedro.com.ar\/sitio\/?p=7320"},"modified":"2016-08-19T19:23:39","modified_gmt":"2016-08-19T22:23:39","slug":"ctera-convoco-a-un-paro-nacional-docente-para-el-jueves-24-de-agosto","status":"publish","type":"post","link":"https:\/\/eldiariodesanpedro.com.ar\/sitio\/ctera-convoco-a-un-paro-nacional-docente-para-el-jueves-24-de-agosto\/","title":{"rendered":"CTERA convoc\u00f3 a un paro nacional docente para el jueves 24 de agosto"},"content":{"rendered":"<p><!-- VideographyWP Plugin Message: Automatic video embedding prevented by plugin options. --><br \/>\nEl gremio docente nacional CTERA anunci\u00f3 hoy un paro de 24 horas que cumplir\u00e1 el 24 de agosto con movilizaciones en las provincias, mientras Sadop, que agrupa a los maestros privados, defini\u00f3 una huelga para el 2 de septiembre en reclamo de mejoras salariales.<br \/>\nCTERA vot\u00f3 un \u00abplan de lucha nacional\u00bb ante lo que consider\u00f3 \u00abla falta de soluciones a la problem\u00e1tica educativa\u00bb, en el marco de un congreso realizado en su sede gremial porte\u00f1a.<br \/>\n\u00abEl 24 de agosto paramos en todo el pa\u00eds y nos movilizamos en las provincias, por la reapertura de la paritaria nacional, un aumento salarial urgente, el cumplimiento de los acuerdos paritarios y la continuidad de los programas nacionales socioeducativos\u00bb, confirm\u00f3 Roberto Baradel, jefe de Suteba, el gremio docente bonaerense que integra CTERA.<br \/>\nBaradel dijo que la huelga de los docentes nacionales servir\u00e1 tambi\u00e9n para decirle \u00abno al impuesto a las Ganancias, rechazar cualquier intento de modificaci\u00f3n a las leyes jubilatorias, y en reclamo de un aumento de 10 % del PBI para Educaci\u00f3n\u00bb.<br \/>\nEn tanto, el Sadop inform\u00f3 la realizaci\u00f3n de un paro nacional con movilizaci\u00f3n el 2 de septiembre, ante \u00abla negativa del Gobierno de reabrir la paritaria federal para elevar el m\u00ednimo salarial, debido a la p\u00e9rdida del poder adquisitivo generado por los tarifazos y el proceso inflacionario en curso\u00bb.<br \/>\nEl jefe de Sadop, Mario Almir\u00f3n, confirm\u00f3 la medida de fuerza tras mantener hoy una reuni\u00f3n con el ministro de Educaci\u00f3n, Esteban Bullrich, en la que, asegur\u00f3, el funcionario dijo que \u00abexisten cero posibilidades de rediscutir salarios en esta coyuntura\u00bb.<br \/>\nEl \u00abplan de lucha\u00bb de CTERA es coincidente con las medidas de fuerza adoptadas ayer por la UDA, que confirm\u00f3 dos paros nacionales para los d\u00edas 24 de agosto y 2 de setiembre.<br \/>\nPor su parte, el plenario del Suteba vot\u00f3 esta ma\u00f1ana, por \u00abampl\u00edsima\u00bb mayor\u00eda, un plan de acci\u00f3n provincial que incluye un paro de 48 horas para fines de agosto o principios de setiembre.<\/p>\n","protected":false},"excerpt":{"rendered":"<p>El gremio docente nacional CTERA anunci\u00f3 hoy un paro de 24 horas que cumplir\u00e1 el 24 de agosto con movilizaciones en las provincias, mientras Sadop, que agrupa a los maestros privados, defini\u00f3 una huelga para el 2 de septiembre en reclamo de mejoras salariales. CTERA vot\u00f3 un \u00abplan de lucha nacional\u00bb ante lo que consider\u00f3 [&hellip;]<\/p>\n","protected":false},"author":4,"featured_media":7321,"comment_status":"open","ping_status":"closed","sticky":false,"template":"","format":"standard","meta":{"om_disable_all_campaigns":false,"_jetpack_memberships_contains_paid_content":false,"footnotes":""},"categories":[101,2],"tags":[],"class_list":["post-7320","post","type-post","status-publish","format-standard","has-post-thumbnail","hentry","category-interes-general-locales","category-locales"],"aioseo_notices":[],"gutentor_comment":0,"jetpack_featured_media_url":"https:\/\/eldiariodesanpedro.com.ar\/sitio\/wp-content\/uploads\/2016\/08\/ctera.jpg","jetpack_shortlink":"https:\/\/wp.me\/p6RhLt-1U4","jetpack_sharing_enabled":true,"_links":{"self":[{"href":"https:\/\/eldiariodesanpedro.com.ar\/sitio\/wp-json\/wp\/v2\/posts\/7320","targetHints":{"allow":["GET"]}}],"collection":[{"href":"https:\/\/eldiariodesanpedro.com.ar\/sitio\/wp-json\/wp\/v2\/posts"}],"about":[{"href":"https:\/\/eldiariodesanpedro.com.ar\/sitio\/wp-json\/wp\/v2\/types\/post"}],"author":[{"embeddable":true,"href":"https:\/\/eldiariodesanpedro.com.ar\/sitio\/wp-json\/wp\/v2\/users\/4"}],"replies":[{"embeddable":true,"href":"https:\/\/eldiariodesanpedro.com.ar\/sitio\/wp-json\/wp\/v2\/comments?post=7320"}],"version-history":[{"count":1,"href":"https:\/\/eldiariodesanpedro.com.ar\/sitio\/wp-json\/wp\/v2\/posts\/7320\/revisions"}],"predecessor-version":[{"id":7322,"href":"https:\/\/eldiariodesanpedro.com.ar\/sitio\/wp-json\/wp\/v2\/posts\/7320\/revisions\/7322"}],"wp:featuredmedia":[{"embeddable":true,"href":"https:\/\/eldiariodesanpedro.com.ar\/sitio\/wp-json\/wp\/v2\/media\/7321"}],"wp:attachment":[{"href":"https:\/\/eldiariodesanpedro.com.ar\/sitio\/wp-json\/wp\/v2\/media?parent=7320"}],"wp:term":[{"taxonomy":"category","embeddable":true,"href":"https:\/\/eldiariodesanpedro.com.ar\/sitio\/wp-json\/wp\/v2\/categories?post=7320"},{"taxonomy":"post_tag","embeddable":true,"href":"https:\/\/eldiariodesanpedro.com.ar\/sitio\/wp-json\/wp\/v2\/tags?post=7320"}],"curies":[{"name":"wp","href":"https:\/\/api.w.org\/{rel}","templated":true}]}}