{"id":7318,"date":"2016-08-19T19:22:31","date_gmt":"2016-08-19T22:22:31","guid":{"rendered":"https:\/\/eldiariodesanpedro.com.ar\/sitio\/?p=7318"},"modified":"2016-08-19T19:22:31","modified_gmt":"2016-08-19T22:22:31","slug":"detienen-a-dos-menores-que-intentaron-robar-un-celular","status":"publish","type":"post","link":"https:\/\/eldiariodesanpedro.com.ar\/sitio\/detienen-a-dos-menores-que-intentaron-robar-un-celular\/","title":{"rendered":"Detienen a dos menores que intentaron robar un celular"},"content":{"rendered":"<p><!-- VideographyWP Plugin Message: Automatic video embedding prevented by plugin options. --><br \/>\nAyer una joven que regresaba de la jornada escolar por calle Balcarce. a la altura de Ituzaing\u00f3, fue abordada por dos menores de edad que intentaron robarle su tel\u00e9fono celular. Ante la negativa de entregarle el aparato, los delincuentes emprendieron la huida, siendo atrapados por la polic\u00eda en La Laguna y Ayacucho.<br \/>\nTom\u00f3 intervenci\u00f3n la Fiscal\u00eda del Joven San Nicol\u00e1s, la que caratul\u00f3 el hecho como \u201cTentativa de Robo y Aprehensi\u00f3n\u201d.<\/p>\n","protected":false},"excerpt":{"rendered":"<p>Ayer una joven que regresaba de la jornada escolar por calle Balcarce. a la altura de Ituzaing\u00f3, fue abordada por dos menores de edad que intentaron robarle su tel\u00e9fono celular. Ante la negativa de entregarle el aparato, los delincuentes emprendieron la huida, siendo atrapados por la polic\u00eda en La Laguna y Ayacucho. Tom\u00f3 intervenci\u00f3n la [&hellip;]<\/p>\n","protected":false},"author":4,"featured_media":2518,"comment_status":"open","ping_status":"closed","sticky":false,"template":"","format":"standard","meta":{"om_disable_all_campaigns":false,"_jetpack_memberships_contains_paid_content":false,"footnotes":""},"categories":[50,2,103],"tags":[],"class_list":["post-7318","post","type-post","status-publish","format-standard","has-post-thumbnail","hentry","category-destacadas","category-locales","category-policiales-locales"],"aioseo_notices":[],"gutentor_comment":0,"jetpack_featured_media_url":"https:\/\/eldiariodesanpedro.com.ar\/sitio\/wp-content\/uploads\/2016\/03\/detenidos.jpg","jetpack_shortlink":"https:\/\/wp.me\/p6RhLt-1U2","jetpack_sharing_enabled":true,"_links":{"self":[{"href":"https:\/\/eldiariodesanpedro.com.ar\/sitio\/wp-json\/wp\/v2\/posts\/7318","targetHints":{"allow":["GET"]}}],"collection":[{"href":"https:\/\/eldiariodesanpedro.com.ar\/sitio\/wp-json\/wp\/v2\/posts"}],"about":[{"href":"https:\/\/eldiariodesanpedro.com.ar\/sitio\/wp-json\/wp\/v2\/types\/post"}],"author":[{"embeddable":true,"href":"https:\/\/eldiariodesanpedro.com.ar\/sitio\/wp-json\/wp\/v2\/users\/4"}],"replies":[{"embeddable":true,"href":"https:\/\/eldiariodesanpedro.com.ar\/sitio\/wp-json\/wp\/v2\/comments?post=7318"}],"version-history":[{"count":1,"href":"https:\/\/eldiariodesanpedro.com.ar\/sitio\/wp-json\/wp\/v2\/posts\/7318\/revisions"}],"predecessor-version":[{"id":7319,"href":"https:\/\/eldiariodesanpedro.com.ar\/sitio\/wp-json\/wp\/v2\/posts\/7318\/revisions\/7319"}],"wp:featuredmedia":[{"embeddable":true,"href":"https:\/\/eldiariodesanpedro.com.ar\/sitio\/wp-json\/wp\/v2\/media\/2518"}],"wp:attachment":[{"href":"https:\/\/eldiariodesanpedro.com.ar\/sitio\/wp-json\/wp\/v2\/media?parent=7318"}],"wp:term":[{"taxonomy":"category","embeddable":true,"href":"https:\/\/eldiariodesanpedro.com.ar\/sitio\/wp-json\/wp\/v2\/categories?post=7318"},{"taxonomy":"post_tag","embeddable":true,"href":"https:\/\/eldiariodesanpedro.com.ar\/sitio\/wp-json\/wp\/v2\/tags?post=7318"}],"curies":[{"name":"wp","href":"https:\/\/api.w.org\/{rel}","templated":true}]}}