{"id":7315,"date":"2016-08-19T19:21:26","date_gmt":"2016-08-19T22:21:26","guid":{"rendered":"https:\/\/eldiariodesanpedro.com.ar\/sitio\/?p=7315"},"modified":"2016-08-19T19:21:26","modified_gmt":"2016-08-19T22:21:26","slug":"la-provincia-anuncio-las-obras-en-la-ruta-191","status":"publish","type":"post","link":"https:\/\/eldiariodesanpedro.com.ar\/sitio\/la-provincia-anuncio-las-obras-en-la-ruta-191\/","title":{"rendered":"La Provincia anunci\u00f3 las obras en la ruta 191"},"content":{"rendered":"<p><!-- VideographyWP Plugin Message: Automatic video embedding prevented by plugin options. --><br \/>\nLos trabajos de rehabilitaci\u00f3n de calzada de la ruta provincial 191, en el tramo entre la ruta nacional 9 y ruta nacional 8, comenzaron con la compactaci\u00f3n del suelo, el traslado de maquinarias y planta asf\u00e1ltica a la zona ubicada en Arrecifes.<br \/>\nDe esta manera, las tareas de mejoramiento de la calzada est\u00e1n pr\u00f3ximas al inicio de obra.<br \/>\nEsta es la etapa previa a la repavimentaci\u00f3n del tramo, y permite mejorar la circulaci\u00f3n y la seguridad del tr\u00e1nsito. La segunda etapa \u2013repavimentaci\u00f3n\u2013 est\u00e1 prevista incluirla en el plan de obras viales 2017. Son trabajos que se licitaron el 30 de mayo pasado, luego de la aprobaci\u00f3n de los organismos provinciales.<br \/>\nLas obras adem\u00e1s incluyen trabajos de mejoramiento en: Ruta Provincial N\u00b032 (R.N.N\u00b0 188-Arroyo del Medio); Ruta Provincial N\u00b0 31 (R.N.N\u00b0 188-R.N.N\u00b0 8); y Ruta Provincial N\u00b0 41 (Baradero-R.N.N\u00b09, l\u00edmite Partido de Baradero); en jurisdicci\u00f3n de los partidos de San Pedro, Arrecifes, Pergamino, Rojas, Col\u00f3n y Baradero.<\/p>\n","protected":false},"excerpt":{"rendered":"<p>Los trabajos de rehabilitaci\u00f3n de calzada de la ruta provincial 191, en el tramo entre la ruta nacional 9 y ruta nacional 8, comenzaron con la compactaci\u00f3n del suelo, el traslado de maquinarias y planta asf\u00e1ltica a la zona ubicada en Arrecifes. De esta manera, las tareas de mejoramiento de la calzada est\u00e1n pr\u00f3ximas al [&hellip;]<\/p>\n","protected":false},"author":4,"featured_media":7316,"comment_status":"open","ping_status":"closed","sticky":false,"template":"","format":"standard","meta":{"om_disable_all_campaigns":false,"_jetpack_memberships_contains_paid_content":false,"footnotes":""},"categories":[50,101,2],"tags":[],"class_list":["post-7315","post","type-post","status-publish","format-standard","has-post-thumbnail","hentry","category-destacadas","category-interes-general-locales","category-locales"],"aioseo_notices":[],"gutentor_comment":0,"jetpack_featured_media_url":"https:\/\/eldiariodesanpedro.com.ar\/sitio\/wp-content\/uploads\/2016\/08\/PAGINA-4-9.jpg","jetpack_shortlink":"https:\/\/wp.me\/p6RhLt-1TZ","jetpack_sharing_enabled":true,"_links":{"self":[{"href":"https:\/\/eldiariodesanpedro.com.ar\/sitio\/wp-json\/wp\/v2\/posts\/7315","targetHints":{"allow":["GET"]}}],"collection":[{"href":"https:\/\/eldiariodesanpedro.com.ar\/sitio\/wp-json\/wp\/v2\/posts"}],"about":[{"href":"https:\/\/eldiariodesanpedro.com.ar\/sitio\/wp-json\/wp\/v2\/types\/post"}],"author":[{"embeddable":true,"href":"https:\/\/eldiariodesanpedro.com.ar\/sitio\/wp-json\/wp\/v2\/users\/4"}],"replies":[{"embeddable":true,"href":"https:\/\/eldiariodesanpedro.com.ar\/sitio\/wp-json\/wp\/v2\/comments?post=7315"}],"version-history":[{"count":1,"href":"https:\/\/eldiariodesanpedro.com.ar\/sitio\/wp-json\/wp\/v2\/posts\/7315\/revisions"}],"predecessor-version":[{"id":7317,"href":"https:\/\/eldiariodesanpedro.com.ar\/sitio\/wp-json\/wp\/v2\/posts\/7315\/revisions\/7317"}],"wp:featuredmedia":[{"embeddable":true,"href":"https:\/\/eldiariodesanpedro.com.ar\/sitio\/wp-json\/wp\/v2\/media\/7316"}],"wp:attachment":[{"href":"https:\/\/eldiariodesanpedro.com.ar\/sitio\/wp-json\/wp\/v2\/media?parent=7315"}],"wp:term":[{"taxonomy":"category","embeddable":true,"href":"https:\/\/eldiariodesanpedro.com.ar\/sitio\/wp-json\/wp\/v2\/categories?post=7315"},{"taxonomy":"post_tag","embeddable":true,"href":"https:\/\/eldiariodesanpedro.com.ar\/sitio\/wp-json\/wp\/v2\/tags?post=7315"}],"curies":[{"name":"wp","href":"https:\/\/api.w.org\/{rel}","templated":true}]}}