{"id":7312,"date":"2016-08-19T19:19:43","date_gmt":"2016-08-19T22:19:43","guid":{"rendered":"https:\/\/eldiariodesanpedro.com.ar\/sitio\/?p=7312"},"modified":"2016-08-19T19:19:43","modified_gmt":"2016-08-19T22:19:43","slug":"salazar-hablo-de-corrupcion-de-la-gestion-anterior-y-giovanettoni-se-enojo","status":"publish","type":"post","link":"https:\/\/eldiariodesanpedro.com.ar\/sitio\/salazar-hablo-de-corrupcion-de-la-gestion-anterior-y-giovanettoni-se-enojo\/","title":{"rendered":"Salazar habl\u00f3 de \u00abcorrupci\u00f3n\u00bb de la gesti\u00f3n anterior y Giovanettoni se enoj\u00f3"},"content":{"rendered":"<p><!-- VideographyWP Plugin Message: Automatic video embedding prevented by plugin options. --><br \/>\nEl exintendente se mostr\u00f3 molesto por algunas de las afirmaciones que realiz\u00f3 Salazar anteayer cuando lleg\u00f3 hasta el corte de la ruta 191 a la altura de Pueblo Doyle.<br \/>\n\u201cMar\u00eda Eugenia ha erradicado la corrupci\u00f3n del estado, esa es la verdad, tambi\u00e9n se est\u00e1 haciendo en el orden nacional y yo ac\u00e1 en San Pedro, todo el mundo sabe la lucha que estamos haciendo para recuperar a nuestro municipio para erradicar la corrupci\u00f3n que tambi\u00e9n hab\u00eda en el Municipio\u201d, dijo Salazar y esas fueron las palabras que molestaron a Giovanettoni.<br \/>\nEn ese sentido el exjefe comunal, a trav\u00e9s de su Facebook, realiz\u00f3 algunas consideraciones, ofuscado por lo dicho: \u201cHabiendo escuchado hoy por la tarde al intendente Cecilio Salazar, al momento de llegarse hasta la ruta 191, donde vecinos de Santa Luc\u00eda y Pueblo Doyle manten\u00edan el corte de la ruta reclamando por la reparaci\u00f3n de la misma, decir textualmente \u2018porque hab\u00eda corrupci\u00f3n en el municipio\u2026\u2019, para luego decir \u2018ustedes saben bien\u2019, como exintendente municipal que entreg\u00f3 el mando al mismo, me permito compartir algunas reflexiones\u201d:<br \/>\n\u00abTodos los ciudadanos tienen derecho a expresarse libremente sobre cualquier tema, incluido el se\u00f1or Intendente Municipal\u00bb. \u00abSe puede decir libremente con todo derecho que la gesti\u00f3n anterior que me toc\u00f3 encabezar por espacio de 2 meses en car\u00e1cter de mandatario interino, y 10 meses en el cargo en forma efectiva, fue buena, regular, mala, p\u00e9sima\u00bb. \u00abAquel que ocup\u00f3 un cargo p\u00fablico, tal cual fue mi caso debe aceptar las cr\u00edticas, es parte del estado de derecho en el que felizmente vivimos todos los argentinos, defendiendo siempre el derecho a expresarse y opinar\u00bb.<br \/>\nY luego asegur\u00f3: \u201cUna cosa es escuchar del m\u00e1ximo mandatario una cr\u00edtica hacia la gesti\u00f3n anterior, otra muy distinta decir muy suelto de cuerpo lo que dijo\u201d. \u201cQuiero pensar que los ciudadanos que se encontraban en el corte de ruta, tuvieron la primicia, y que en las pr\u00f3ximas horas, el se\u00f1or Intendente Municipal, cumpliendo con la obligaci\u00f3n que tiene todo funcionario p\u00fablico, har\u00e1 la o las denuncias ante la Justicia, de casos de corrupci\u00f3n que detect\u00f3 en el Municipio correspondiente a la gesti\u00f3n anterior, dando detalles de la o las mismas con nombre y apellido de los responsables y no sembrando un manto de sospecha sobre todos aquellos que pasamos por el Municipio. Ser\u00e1 muy bueno, porque permitir\u00e1 esclarecer el o los sucesos cu\u00e1ndo fueron, c\u00f3mo fueron, c\u00f3mo se ejecut\u00f3 el delito de corrupci\u00f3n, qui\u00e9n o qui\u00e9nes estuvieron involucrados y a su vez, informar de los hechos a toda la comunidad de San Pedro para luego solicitarle a la Justicia que act\u00fae como debe ser en estos casos\u201d.<br \/>\nEn ese sentido, sostuvo: \u201cSi as\u00ed no fuera, debiera pensar que las expresiones del Se\u00f1or Intendente Municipal fueron de ocasi\u00f3n, con el solo objetivo de \u2018quedar bien\u2019 con los manifestantes, hecho que ser\u00eda muy triste para la pol\u00edtica en su conjunto\u201d.<br \/>\nAl tiempo que reflexion\u00f3: \u201cAquel que ocupa un cargo p\u00fablico debe ser responsable de sus actos y dichos, y sostenerlos en el \u00e1mbito que debe ser (en este caso en la Justicia), evitando de esta forma caer en el \u2018vale todo\u2019, no se puede \u2018alegremente\u2019 decir \u2018la corrupci\u00f3n del gobierno local anterior\u2019, si existen pruebas de la existencia del mismo se debe actuar, detallando tiempo y lugar, sino medir las palabras, en pol\u00edtica se puede coincidir, se puede no coincidir, se puede discutir, se puede tener ideas diferentes sobre un mismo tema, pero fundamentalmente se debe considerar al que piensa distinto un adversario pol\u00edtico no un enemigo al que se le puede decir cualquier cosa irresponsablemente, no se puede expresar opiniones gen\u00e9ricas, en casos como los que hizo menci\u00f3n el Intendente, se debe dar todos los detalles y mencionar a el o los involucrados, evitando de este modo ensuciar la honorabilidad de muchos que dieron todo al momento de ocupar un cargo p\u00fablico, seguramente con errores, seguramente tomando algunas decisiones equivocadas, pero siempre actuando con honestidad y transparencia\u201d.<\/p>\n","protected":false},"excerpt":{"rendered":"<p>El exintendente se mostr\u00f3 molesto por algunas de las afirmaciones que realiz\u00f3 Salazar anteayer cuando lleg\u00f3 hasta el corte de la ruta 191 a la altura de Pueblo Doyle. \u201cMar\u00eda Eugenia ha erradicado la corrupci\u00f3n del estado, esa es la verdad, tambi\u00e9n se est\u00e1 haciendo en el orden nacional y yo ac\u00e1 en San Pedro, [&hellip;]<\/p>\n","protected":false},"author":4,"featured_media":7313,"comment_status":"open","ping_status":"closed","sticky":false,"template":"","format":"standard","meta":{"om_disable_all_campaigns":false,"_jetpack_memberships_contains_paid_content":false,"footnotes":""},"categories":[50,2,102],"tags":[],"class_list":["post-7312","post","type-post","status-publish","format-standard","has-post-thumbnail","hentry","category-destacadas","category-locales","category-politica-locales"],"aioseo_notices":[],"gutentor_comment":0,"jetpack_featured_media_url":"https:\/\/eldiariodesanpedro.com.ar\/sitio\/wp-content\/uploads\/2016\/08\/PAGINA-5-10.jpg","jetpack_shortlink":"https:\/\/wp.me\/p6RhLt-1TW","jetpack_sharing_enabled":true,"_links":{"self":[{"href":"https:\/\/eldiariodesanpedro.com.ar\/sitio\/wp-json\/wp\/v2\/posts\/7312","targetHints":{"allow":["GET"]}}],"collection":[{"href":"https:\/\/eldiariodesanpedro.com.ar\/sitio\/wp-json\/wp\/v2\/posts"}],"about":[{"href":"https:\/\/eldiariodesanpedro.com.ar\/sitio\/wp-json\/wp\/v2\/types\/post"}],"author":[{"embeddable":true,"href":"https:\/\/eldiariodesanpedro.com.ar\/sitio\/wp-json\/wp\/v2\/users\/4"}],"replies":[{"embeddable":true,"href":"https:\/\/eldiariodesanpedro.com.ar\/sitio\/wp-json\/wp\/v2\/comments?post=7312"}],"version-history":[{"count":1,"href":"https:\/\/eldiariodesanpedro.com.ar\/sitio\/wp-json\/wp\/v2\/posts\/7312\/revisions"}],"predecessor-version":[{"id":7314,"href":"https:\/\/eldiariodesanpedro.com.ar\/sitio\/wp-json\/wp\/v2\/posts\/7312\/revisions\/7314"}],"wp:featuredmedia":[{"embeddable":true,"href":"https:\/\/eldiariodesanpedro.com.ar\/sitio\/wp-json\/wp\/v2\/media\/7313"}],"wp:attachment":[{"href":"https:\/\/eldiariodesanpedro.com.ar\/sitio\/wp-json\/wp\/v2\/media?parent=7312"}],"wp:term":[{"taxonomy":"category","embeddable":true,"href":"https:\/\/eldiariodesanpedro.com.ar\/sitio\/wp-json\/wp\/v2\/categories?post=7312"},{"taxonomy":"post_tag","embeddable":true,"href":"https:\/\/eldiariodesanpedro.com.ar\/sitio\/wp-json\/wp\/v2\/tags?post=7312"}],"curies":[{"name":"wp","href":"https:\/\/api.w.org\/{rel}","templated":true}]}}